{"id":17251,"date":"2023-03-24T09:17:54","date_gmt":"2023-03-24T12:17:54","guid":{"rendered":"https:\/\/ecole601.com\/?p=17251"},"modified":"2023-04-21T10:16:58","modified_gmt":"2023-04-21T13:16:58","slug":"os-verbos-reflexivos-se-laver-se-brosser","status":"publish","type":"post","link":"https:\/\/ecole601.com\/pt-br\/os-verbos-reflexivos-se-laver-se-brosser\/","title":{"rendered":"Os Verbos Reflexivos (se laver, se brosser&#8230;)"},"content":{"rendered":"\n<p>Os pronomes reflexivos s\u00e3o pronomes usados com verbos reflexivos. Voc\u00ea se lembra? &#8220;se laver, se r\u00e9veiller&#8230;&#8221;<\/p>\n\n\n\n<p>Basicamente os verbos reflexivos s\u00e3o aqueles onde a pessoa faz e recebe a a\u00e7\u00e3o, como &#8220;eu me lavo&#8221; (je me lave). A estrutura \u00e9 sempre a mesma para todos os verbos reflexivos, como voc\u00ea pode ver abaixo.<\/p>\n\n\n\n<div class=\"wp-block-columns is-layout-flex wp-container-core-columns-is-layout-28f84493 wp-block-columns-is-layout-flex\">\n<div class=\"wp-block-column is-layout-flow wp-block-column-is-layout-flow\"><\/div>\n\n\n\n<div class=\"wp-block-column is-layout-flow wp-block-column-is-layout-flow\" style=\"flex-basis:500px\">\n<h3 class=\"wp-block-heading\">Les pronoms r\u00e9fl\u00e9chis<\/h3>\n\n\n\n<figure class=\"wp-block-table\"><table><tbody><tr><td>Je<\/td><td><strong>me<\/strong><\/td><td>lave<\/td><\/tr><tr><td>Tu&nbsp;<\/td><td><strong>tu<\/strong><\/td><td>laves<\/td><\/tr><tr><td>Il\/Elle\/On<\/td><td><strong>se<\/strong><\/td><td>lave<\/td><\/tr><tr><td>Nous<\/td><td><strong>nous<\/strong><\/td><td>lavons<\/td><\/tr><tr><td>Vous<\/td><td><strong>vous<\/strong><\/td><td>lavez<\/td><\/tr><tr><td>Ils\/Elles<\/td><td><strong>se<\/strong><\/td><td>lavent<\/td><\/tr><\/tbody><\/table><\/figure>\n\n\n\n<figure class=\"wp-block-audio\"><audio controls src=\"https:\/\/frances601.com\/wp-content\/uploads\/2022\/09\/Lecon-8-on-se-lave-je-me-lave.mp3\"><\/audio><\/figure>\n<\/div>\n\n\n\n<div class=\"wp-block-column is-layout-flow wp-block-column-is-layout-flow\"><\/div>\n<\/div>\n\n\n\n<p>Voc\u00ea percebe que \u00e9 bastante pr\u00f3ximo ao portugu\u00eas, a \u00fanica dificuldade \u00e9 que alguns verbos que s\u00e3o reflexivos em portugu\u00eas n\u00e3o est\u00e3o em franc\u00eas e vice versa.<\/p>\n\n\n\n<div class=\"wp-block-fluent-crm-conditional-content\"><div class=\"fc-cond-blocks\">\n<p><\/p>\n\n\n\n<hr class=\"wp-block-separator has-alpha-channel-opacity\"\/>\n\n\n\n<div class=\"wp-block-group has-background is-layout-constrained wp-block-group-is-layout-constrained\" style=\"background-color:#e7e7e7\">\n<h4 class=\"wp-block-heading\">Voc\u00ea quer saber como conjugar 90% dos verbos franceses? Baixe nosso PDF!<\/h4>\n\n\n<div class='fluentform ff-default fluentform_wrapper_8  ff_guten_block ffs_default_wrap'><form data-form_id=\"8\" id=\"fluentform_8\" class=\"frm-fluent-form fluent_form_8 ff-el-form-top ff_form_instance_8_1 ff-form-loading ff_has_v3_recptcha ffs_default\" data-form_instance=\"ff_form_instance_8_1\" method=\"POST\" data-recptcha_key=\"6Lf1bwAjAAAAANwZ4PFI4M0zEejT1-5Cqw6934dd\" ><fieldset  style=\"border: none!important;margin: 0!important;padding: 0!important;background-color: transparent!important;box-shadow: none!important;outline: none!important; min-inline-size: 100%;\">\n                    <legend class=\"ff_screen_reader_title\" style=\"display: block; margin: 0!important;padding: 0!important;height: 0!important;text-indent: -999999px;width: 0!important;overflow:hidden;\">PDF 90% verbos<\/legend><input type='hidden' name='__fluent_form_embded_post_id' value='17251' \/><input type=\"hidden\" id=\"_fluentform_8_fluentformnonce\" name=\"_fluentform_8_fluentformnonce\" value=\"fe5d93bde5\" \/><input type=\"hidden\" name=\"_wp_http_referer\" value=\"\/pt-br\/wp-json\/wp\/v2\/posts\/17251\" \/><div data-type=\"name-element\" data-name=\"names\" class=\" ff-field_container ff-name-field-wrapper\" ><div class='ff-t-container'><div class='ff-t-cell '><div class='ff-el-group'><div class=\"ff-el-input--label ff-el-is-required asterisk-right\"><label for='ff_8_names_first_name_' >Nome<\/label><\/div><div class='ff-el-input--content'><input type=\"text\" name=\"names[first_name]\" value=\"\" id=\"ff_8_names_first_name_\" class=\"ff-el-form-control\" placeholder=\"Nome\" aria-invalid=\"false\" aria-required=true><\/div><\/div><\/div><div class='ff-t-cell '><div class='ff-el-group'><div class=\"ff-el-input--label ff-el-is-required asterisk-right\"><label for='ff_8_names_last_name_' >Sobrenome<\/label><\/div><div class='ff-el-input--content'><input type=\"text\" name=\"names[last_name]\" value=\"\" id=\"ff_8_names_last_name_\" class=\"ff-el-form-control\" placeholder=\"Sobrenome\" aria-invalid=\"false\" aria-required=true><\/div><\/div><\/div><\/div><\/div><div class='ff-el-group'><div class=\"ff-el-input--label ff-el-is-required asterisk-right\"><label for='ff_8_email' aria-label=\"Email\">Email<\/label><\/div><div class='ff-el-input--content'><input type=\"email\" name=\"email\" value=\"\" id=\"ff_8_email\" class=\"ff-el-form-control\" placeholder=\"Email Address\" data-name=\"email\"  aria-invalid=\"false\" aria-required=true><\/div><\/div><div class='ff-el-group ff-text-left ff_submit_btn_wrapper ff_submit_btn_wrapper_custom'><button class=\"ff-btn ff-btn-submit ff-btn-md ff_btn_style wpf_has_custom_css\" type=\"submit\" name=\"custom_submit_button-8_1\" data-name=\"custom_submit_button-8_1\" >Receber o PDF<\/button><style>form.fluent_form_8 .wpf_has_custom_css.ff-btn-submit { background-color:rgba(29, 53, 87, 1);border-color:rgba(29, 53, 87, 1);color:#ffffff;min-width:100%; }form.fluent_form_8 .wpf_has_custom_css.ff-btn-submit:hover { background-color:#ffffff;border-color:#409EFF;color:#409EFF;min-width:100%; } <\/style><\/div><\/fieldset><\/form><div id='fluentform_8_errors' class='ff-errors-in-stack ff_form_instance_8_1 ff-form-loading_errors ff_form_instance_8_1_errors'><\/div><\/div>        <script type=\"text\/javascript\">\n            window.fluent_form_ff_form_instance_8_1 = {\"id\":\"8\",\"settings\":{\"layout\":{\"labelPlacement\":\"top\",\"helpMessagePlacement\":\"with_label\",\"errorMessagePlacement\":\"inline\"},\"restrictions\":{\"denyEmptySubmission\":{\"enabled\":false}}},\"form_instance\":\"ff_form_instance_8_1\",\"form_id_selector\":\"fluentform_8\",\"rules\":{\"names[first_name]\":{\"required\":{\"value\":true,\"message\":\"This field is required\"}},\"names[middle_name]\":{\"required\":{\"value\":false,\"message\":\"This field is required\"}},\"names[last_name]\":{\"required\":{\"value\":true,\"message\":\"This field is required\"}},\"email\":{\"required\":{\"value\":true,\"message\":\"This field is required\"},\"email\":{\"value\":true,\"message\":\"This field must contain a valid email\"}}},\"debounce_time\":300};\n                    <\/script>\n        <\/div>\n\n\n\n<hr class=\"wp-block-separator has-alpha-channel-opacity\"\/>\n<\/div><\/div>\n\n\n\n<p><strong>Algums exemplos em franc\u00eas:<\/strong><\/p>\n\n\n\n<ul class=\"wp-block-list\">\n<li>Je <strong>me<\/strong> rappelle de mon r\u00eave : <em>Eu <strong>me<\/strong> lembro de meu sonho <\/em> &gt; Reflexivo em ambos os idiomas<\/li>\n\n\n\n<li>Je <strong>me<\/strong> brosse les dents : <em>Eu escovo meus dentes<\/em> &gt; Apenas reflexivo em franc\u00eas<\/li>\n\n\n\n<li>J&#8217;oublie souvent les choses : <em>Esque\u00e7o<strong>-me <\/strong>muitas vezes das coisas<\/em> &gt; Apenas reflexivo em portugu\u00eas<\/li>\n\n\n\n<li>Il <strong>se <\/strong>couche tard le soir : <em>Ele fica acordado at\u00e9 tarde da noite<\/em><\/li>\n\n\n\n<li>Nous <strong>nous<\/strong> faisons du soucis : <em>Estamos preocupados<\/em><\/li>\n<\/ul>\n\n\n\n<p><\/p>\n\n\n\n<p class=\"note-highlight has-white-color has-text-color has-background\" style=\"background-color:#1d3557\"><strong>Dicas:<\/strong> H\u00e1 alguns verbos que t\u00eam um significado quando n\u00e3o s\u00e3o reflexivos e outro quando s\u00e3o. Alguns exemplos:<br>&#8211; <strong>demander<\/strong> \u2013 perguntar \/ <strong>se demander<\/strong> \u2013 ficar imaginando<br>&#8211; <strong>mettre <\/strong>\u2013 p\u00f4r, colocar \/ <strong>se mettre \u00e0<\/strong> \u2013 come\u00e7ar a fazer algo<br>&#8211; <strong>passer<\/strong> \u2013 passar \/ <strong>se passer<\/strong> \u2013 acontecer<\/p>\n\n\n\n<p><\/p>\n\n\n\n<hr class=\"wp-block-separator has-alpha-channel-opacity\"\/>\n\n\n\n<div class=\"wp-block-columns citation-class has-background is-layout-flex wp-container-core-columns-is-layout-28f84493 wp-block-columns-is-layout-flex\" style=\"background-color:#abb7c247\">\n<div class=\"wp-block-column is-layout-flow wp-block-column-is-layout-flow\" style=\"flex-basis:100%\">\n<h2 class=\"wp-block-heading\">Ilustra\u00e7\u00e3o &#8211; escute com aten\u00e7\u00e3o<\/h2>\n\n\n\n<figure class=\"wp-block-audio\"><audio controls src=\"https:\/\/frances601.com\/wp-content\/uploads\/2022\/09\/Lecon-8-je-suis-francais-mais-je-me-lave-tous-les-jours.mp3\"><\/audio><figcaption class=\"wp-element-caption\"><em>Ou\u00e7a este clipe, mude a velocidade se voc\u00ea quiser<\/em><\/figcaption><\/figure>\n\n\n\n<blockquote class=\"wp-block-quote has-background is-layout-flow wp-block-quote-is-layout-flow\" style=\"background-color:#f1faed00\">\n<p>&#8220;Je suis Fran\u00e7ais mais je me lave tous les jours, avant de me brosser les dents avec de la musique br\u00e9silienne.&#8221; <\/p>\n<cite>&#8220;Sou franc\u00eas, mas lavo todos os dias, antes de escovar meus dentes, com m\u00fasica brasileira.&#8221;<\/cite><\/blockquote>\n<\/div>\n<\/div>\n\n\n\n<h1 class=\"wp-block-heading\"><strong>La n\u00e9gation avec les verbes pronominaux<\/strong><\/h1>\n\n\n\n<p>Um erro que vemos regularmente (especialmente daqueles que falam portugu\u00eas) \u00e9 a coloca\u00e7\u00e3o do &#8220;ne&#8221; e &#8220;pas&#8221; da nega\u00e7\u00e3o com verbos pronomiais.<\/p>\n\n\n\n<p><strong>La r\u00e8gle est simple :<\/strong><\/p>\n\n\n\n<p class=\"has-text-align-center\"><strong>SUJET + <mark style=\"background-color:rgba(0, 0, 0, 0)\" class=\"has-inline-color has-kb-palette-10-color\">NE<\/mark> + PRONOM (ME\/TE\/SE&#8230;) + <mark style=\"background-color:rgba(0, 0, 0, 0)\" class=\"has-inline-color has-kb-palette-10-color\">PAS<\/mark> + VERBE<\/strong><\/p>\n\n\n\n<p><span style=\"text-decoration: underline;\">Par exemple :<\/span><\/p>\n\n\n\n<ul class=\"wp-block-list\">\n<li>Je ne m&#8217;appelle pas Mathieu mais Jacques.<\/li>\n\n\n\n<li>Tu ne te laves pas le soir ? <\/li>\n\n\n\n<li>Nous ne nous sommes jamais vu. <\/li>\n<\/ul>\n\n\n\n<p>Lembre-se que &#8221; jamais&#8221;, &#8220;plus&#8221;, &#8220;rien&#8221;\u2026 pode tomar o lugar do &#8220;pas&#8221;.<\/p>\n\n\n\n<p>Como em muitas coisas em franc\u00eas, a maneira mais f\u00e1cil de lembrar esta gram\u00e1tica \u00e9 praticar a escrita e fazer exerc\u00edcios.<\/p>\n\n\n<style>.wp-block-kadence-advancedheading.kt-adv-heading_73fa0a-05, .wp-block-kadence-advancedheading.kt-adv-heading_73fa0a-05[data-kb-block=\"kb-adv-heading_73fa0a-05\"]{font-size:var(--global-kb-font-size-md, 1.25rem);font-style:normal;color:#1d3557;}.wp-block-kadence-advancedheading.kt-adv-heading_73fa0a-05 mark.kt-highlight, .wp-block-kadence-advancedheading.kt-adv-heading_73fa0a-05[data-kb-block=\"kb-adv-heading_73fa0a-05\"] mark.kt-highlight{font-style:normal;color:#f76a0c;-webkit-box-decoration-break:clone;box-decoration-break:clone;padding-top:0px;padding-right:0px;padding-bottom:0px;padding-left:0px;}<\/style>\n<p class=\"kt-adv-heading_73fa0a-05 wp-block-kadence-advancedheading\" data-kb-block=\"kb-adv-heading_73fa0a-05\"><strong>Maintenant \u00e0 toi !<\/strong><\/p>\n\n\n\n\n\n<div class=\"wp-block-fluent-crm-conditional-content\"><div class=\"fc-cond-blocks\">\n<p class=\"has-text-align-center\"><strong>Fa\u00e7a login gratuitamente para fazer os <a href=\"https:\/\/ecole601.com\/login\/\">exerc\u00edcios aqui.<\/a><\/strong><\/p>\n\n\n\n<figure class=\"wp-block-image size-large blurred\"><img decoding=\"async\" width=\"1024\" height=\"443\" src=\"https:\/\/ecole601.com\/wp-content\/uploads\/2023\/03\/verbes-reflexifs-en-francais-1024x443.jpeg\" alt=\"\" class=\"wp-image-30822\" srcset=\"https:\/\/ecole601.com\/wp-content\/uploads\/2023\/03\/verbes-reflexifs-en-francais-1024x443.jpeg 1024w, https:\/\/ecole601.com\/wp-content\/uploads\/2023\/03\/verbes-reflexifs-en-francais-600x259.jpeg 600w, https:\/\/ecole601.com\/wp-content\/uploads\/2023\/03\/verbes-reflexifs-en-francais-300x130.jpeg 300w, https:\/\/ecole601.com\/wp-content\/uploads\/2023\/03\/verbes-reflexifs-en-francais-768x332.jpeg 768w, https:\/\/ecole601.com\/wp-content\/uploads\/2023\/03\/verbes-reflexifs-en-francais-624x270.jpeg 624w, https:\/\/ecole601.com\/wp-content\/uploads\/2023\/03\/verbes-reflexifs-en-francais-80x35.jpeg 80w, https:\/\/ecole601.com\/wp-content\/uploads\/2023\/03\/verbes-reflexifs-en-francais-100x43.jpeg 100w, https:\/\/ecole601.com\/wp-content\/uploads\/2023\/03\/verbes-reflexifs-en-francais.jpeg 1078w\" sizes=\"(max-width: 1024px) 100vw, 1024px\" \/><\/figure>\n<\/div><\/div>\n","protected":false},"excerpt":{"rendered":"<p>Os pronomes reflexivos s\u00e3o pronomes usados com verbos reflexivos. Voc\u00ea se lembra? &#8220;se laver, se r\u00e9veiller&#8230;&#8221; Basicamente os verbos reflexivos s\u00e3o aqueles onde a pessoa faz e recebe a a\u00e7\u00e3o, como &#8220;eu me lavo&#8221; (je me lave). A estrutura \u00e9 sempre a mesma para todos os verbos reflexivos, como voc\u00ea pode ver abaixo. Les pronoms [&hellip;]<\/p>\n","protected":false},"author":1,"featured_media":17449,"comment_status":"open","ping_status":"open","sticky":false,"template":"","format":"standard","meta":{"site-sidebar-layout":"default","site-content-layout":"","ast-site-content-layout":"default","site-content-style":"default","site-sidebar-style":"default","ast-global-header-display":"","ast-banner-title-visibility":"","ast-main-header-display":"","ast-hfb-above-header-display":"","ast-hfb-below-header-display":"","ast-hfb-mobile-header-display":"","site-post-title":"","ast-breadcrumbs-content":"","ast-featured-img":"","footer-sml-layout":"","theme-transparent-header-meta":"","adv-header-id-meta":"","stick-header-meta":"","header-above-stick-meta":"","header-main-stick-meta":"","header-below-stick-meta":"","astra-migrate-meta-layouts":"default","ast-page-background-enabled":"default","ast-page-background-meta":{"desktop":{"background-color":"","background-image":"","background-repeat":"repeat","background-position":"center center","background-size":"auto","background-attachment":"scroll","background-type":"","background-media":"","overlay-type":"","overlay-color":"","overlay-opacity":"","overlay-gradient":""},"tablet":{"background-color":"","background-image":"","background-repeat":"repeat","background-position":"center center","background-size":"auto","background-attachment":"scroll","background-type":"","background-media":"","overlay-type":"","overlay-color":"","overlay-opacity":"","overlay-gradient":""},"mobile":{"background-color":"","background-image":"","background-repeat":"repeat","background-position":"center center","background-size":"auto","background-attachment":"scroll","background-type":"","background-media":"","overlay-type":"","overlay-color":"","overlay-opacity":"","overlay-gradient":""}},"ast-content-background-meta":{"desktop":{"background-color":"var(--ast-global-color-5)","background-image":"","background-repeat":"repeat","background-position":"center center","background-size":"auto","background-attachment":"scroll","background-type":"","background-media":"","overlay-type":"","overlay-color":"","overlay-opacity":"","overlay-gradient":""},"tablet":{"background-color":"var(--ast-global-color-5)","background-image":"","background-repeat":"repeat","background-position":"center center","background-size":"auto","background-attachment":"scroll","background-type":"","background-media":"","overlay-type":"","overlay-color":"","overlay-opacity":"","overlay-gradient":""},"mobile":{"background-color":"var(--ast-global-color-5)","background-image":"","background-repeat":"repeat","background-position":"center center","background-size":"auto","background-attachment":"scroll","background-type":"","background-media":"","overlay-type":"","overlay-color":"","overlay-opacity":"","overlay-gradient":""}},"footnotes":""},"categories":[91,96,1,92],"tags":[],"class_list":["post-17251","post","type-post","status-publish","format-standard","has-post-thumbnail","hentry","category-frances-iniciantes","category-gramatica","category-nao-categorizado","category-verbos-frances"],"yoast_head":"<!-- This site is optimized with the Yoast SEO plugin v24.0 - https:\/\/yoast.com\/wordpress\/plugins\/seo\/ -->\n<title>Os Verbos Reflexivos (se laver, se brosser...) - Ecole 601<\/title>\n<meta name=\"robots\" content=\"index, follow, max-snippet:-1, max-image-preview:large, max-video-preview:-1\" \/>\n<link rel=\"canonical\" href=\"https:\/\/ecole601.com\/pt-br\/os-verbos-reflexivos-se-laver-se-brosser\/\" \/>\n<meta property=\"og:locale\" content=\"pt_PT\" \/>\n<meta property=\"og:type\" content=\"article\" \/>\n<meta property=\"og:title\" content=\"Os Verbos Reflexivos (se laver, se brosser...) - Ecole 601\" \/>\n<meta property=\"og:description\" content=\"Os pronomes reflexivos s\u00e3o pronomes usados com verbos reflexivos. Voc\u00ea se lembra? &#8220;se laver, se r\u00e9veiller&#8230;&#8221; Basicamente os verbos reflexivos s\u00e3o aqueles onde a pessoa faz e recebe a a\u00e7\u00e3o, como &#8220;eu me lavo&#8221; (je me lave). A estrutura \u00e9 sempre a mesma para todos os verbos reflexivos, como voc\u00ea pode ver abaixo. Les pronoms [&hellip;]\" \/>\n<meta property=\"og:url\" content=\"https:\/\/ecole601.com\/pt-br\/os-verbos-reflexivos-se-laver-se-brosser\/\" \/>\n<meta property=\"og:site_name\" content=\"Ecole 601\" \/>\n<meta property=\"article:publisher\" content=\"https:\/\/www.facebook.com\/ecole601fr\" \/>\n<meta property=\"article:published_time\" content=\"2023-03-24T12:17:54+00:00\" \/>\n<meta property=\"article:modified_time\" content=\"2023-04-21T13:16:58+00:00\" \/>\n<meta property=\"og:image\" content=\"https:\/\/d2kfx7qtx6eao3.cloudfront.net\/wp-content\/uploads\/2023\/02\/10103835\/Les-pronoms-reflechis-se-laver....png\" \/>\n\t<meta property=\"og:image:width\" content=\"1200\" \/>\n\t<meta property=\"og:image:height\" content=\"628\" \/>\n\t<meta property=\"og:image:type\" content=\"image\/png\" \/>\n<meta name=\"author\" content=\"Quentin\" \/>\n<meta name=\"twitter:card\" content=\"summary_large_image\" \/>\n<meta name=\"twitter:label1\" content=\"Written by\" \/>\n\t<meta name=\"twitter:data1\" content=\"Quentin\" \/>\n\t<meta name=\"twitter:label2\" content=\"Est. reading time\" \/>\n\t<meta name=\"twitter:data2\" content=\"3 minutes\" \/>\n<script type=\"application\/ld+json\" class=\"yoast-schema-graph\">{\"@context\":\"https:\/\/schema.org\",\"@graph\":[{\"@type\":\"Article\",\"@id\":\"https:\/\/ecole601.com\/pt-br\/os-verbos-reflexivos-se-laver-se-brosser\/#article\",\"isPartOf\":{\"@id\":\"https:\/\/ecole601.com\/pt-br\/os-verbos-reflexivos-se-laver-se-brosser\/\"},\"author\":{\"name\":\"Quentin\",\"@id\":\"https:\/\/ecole601.com\/pt-br\/#\/schema\/person\/3fa5f8899a8ddd8bf606aca02ec4f2ee\"},\"headline\":\"Os Verbos Reflexivos (se laver, se brosser&#8230;)\",\"datePublished\":\"2023-03-24T12:17:54+00:00\",\"dateModified\":\"2023-04-21T13:16:58+00:00\",\"mainEntityOfPage\":{\"@id\":\"https:\/\/ecole601.com\/pt-br\/os-verbos-reflexivos-se-laver-se-brosser\/\"},\"wordCount\":405,\"commentCount\":0,\"publisher\":{\"@id\":\"https:\/\/ecole601.com\/pt-br\/#organization\"},\"image\":{\"@id\":\"https:\/\/ecole601.com\/pt-br\/os-verbos-reflexivos-se-laver-se-brosser\/#primaryimage\"},\"thumbnailUrl\":\"https:\/\/ecole601.com\/wp-content\/uploads\/2023\/02\/Les-pronoms-reflechis-se-laver....png\",\"articleSection\":[\"Franc\u00eas iniciantes\",\"Gram\u00e1tica\",\"N\u00e3o categorizado\",\"Verbos Franc\u00eas\"],\"inLanguage\":\"pt-BR\",\"potentialAction\":[{\"@type\":\"CommentAction\",\"name\":\"Comment\",\"target\":[\"https:\/\/ecole601.com\/pt-br\/os-verbos-reflexivos-se-laver-se-brosser\/#respond\"]}]},{\"@type\":\"WebPage\",\"@id\":\"https:\/\/ecole601.com\/pt-br\/os-verbos-reflexivos-se-laver-se-brosser\/\",\"url\":\"https:\/\/ecole601.com\/pt-br\/os-verbos-reflexivos-se-laver-se-brosser\/\",\"name\":\"Os Verbos Reflexivos (se laver, se brosser...) - Ecole 601\",\"isPartOf\":{\"@id\":\"https:\/\/ecole601.com\/pt-br\/#website\"},\"primaryImageOfPage\":{\"@id\":\"https:\/\/ecole601.com\/pt-br\/os-verbos-reflexivos-se-laver-se-brosser\/#primaryimage\"},\"image\":{\"@id\":\"https:\/\/ecole601.com\/pt-br\/os-verbos-reflexivos-se-laver-se-brosser\/#primaryimage\"},\"thumbnailUrl\":\"https:\/\/ecole601.com\/wp-content\/uploads\/2023\/02\/Les-pronoms-reflechis-se-laver....png\",\"datePublished\":\"2023-03-24T12:17:54+00:00\",\"dateModified\":\"2023-04-21T13:16:58+00:00\",\"breadcrumb\":{\"@id\":\"https:\/\/ecole601.com\/pt-br\/os-verbos-reflexivos-se-laver-se-brosser\/#breadcrumb\"},\"inLanguage\":\"pt-BR\",\"potentialAction\":[{\"@type\":\"ReadAction\",\"target\":[\"https:\/\/ecole601.com\/pt-br\/os-verbos-reflexivos-se-laver-se-brosser\/\"]}]},{\"@type\":\"ImageObject\",\"inLanguage\":\"pt-BR\",\"@id\":\"https:\/\/ecole601.com\/pt-br\/os-verbos-reflexivos-se-laver-se-brosser\/#primaryimage\",\"url\":\"https:\/\/ecole601.com\/wp-content\/uploads\/2023\/02\/Les-pronoms-reflechis-se-laver....png\",\"contentUrl\":\"https:\/\/ecole601.com\/wp-content\/uploads\/2023\/02\/Les-pronoms-reflechis-se-laver....png\",\"width\":1200,\"height\":628},{\"@type\":\"BreadcrumbList\",\"@id\":\"https:\/\/ecole601.com\/pt-br\/os-verbos-reflexivos-se-laver-se-brosser\/#breadcrumb\",\"itemListElement\":[{\"@type\":\"ListItem\",\"position\":1,\"name\":\"In\u00edcio\",\"item\":\"https:\/\/ecole601.com\/pt-br\/home-page\/\"},{\"@type\":\"ListItem\",\"position\":2,\"name\":\"Os Verbos Reflexivos (se laver, se brosser&#8230;)\"}]},{\"@type\":\"WebSite\",\"@id\":\"https:\/\/ecole601.com\/pt-br\/#website\",\"url\":\"https:\/\/ecole601.com\/pt-br\/\",\"name\":\"Ecole 601\",\"description\":\"O franc\u00eas, com sucesso\",\"publisher\":{\"@id\":\"https:\/\/ecole601.com\/pt-br\/#organization\"},\"potentialAction\":[{\"@type\":\"SearchAction\",\"target\":{\"@type\":\"EntryPoint\",\"urlTemplate\":\"https:\/\/ecole601.com\/pt-br\/?s={search_term_string}\"},\"query-input\":{\"@type\":\"PropertyValueSpecification\",\"valueRequired\":true,\"valueName\":\"search_term_string\"}}],\"inLanguage\":\"pt-BR\"},{\"@type\":\"Organization\",\"@id\":\"https:\/\/ecole601.com\/pt-br\/#organization\",\"name\":\"Ecole 601\",\"url\":\"https:\/\/ecole601.com\/pt-br\/\",\"logo\":{\"@type\":\"ImageObject\",\"inLanguage\":\"pt-BR\",\"@id\":\"https:\/\/ecole601.com\/pt-br\/#\/schema\/logo\/image\/\",\"url\":\"https:\/\/d2kfx7qtx6eao3.cloudfront.net\/wp-content\/uploads\/2022\/11\/02172437\/cropped-601-logo-500-1.png\",\"contentUrl\":\"https:\/\/d2kfx7qtx6eao3.cloudfront.net\/wp-content\/uploads\/2022\/11\/02172437\/cropped-601-logo-500-1.png\",\"width\":512,\"height\":512,\"caption\":\"Ecole 601\"},\"image\":{\"@id\":\"https:\/\/ecole601.com\/pt-br\/#\/schema\/logo\/image\/\"},\"sameAs\":[\"https:\/\/www.facebook.com\/ecole601fr\",\"https:\/\/www.instagram.com\/ecole_601\/\",\"https:\/\/www.youtube.com\/channel\/UCAjAf3oKoKHEkzqqWbwgr5A\"]},{\"@type\":\"Person\",\"@id\":\"https:\/\/ecole601.com\/pt-br\/#\/schema\/person\/3fa5f8899a8ddd8bf606aca02ec4f2ee\",\"name\":\"Quentin\",\"image\":{\"@type\":\"ImageObject\",\"inLanguage\":\"pt-BR\",\"@id\":\"https:\/\/ecole601.com\/pt-br\/#\/schema\/person\/image\/\",\"url\":\"https:\/\/ecole601.com\/wp-content\/uploads\/2024\/03\/quentin_avatar-96x96.jpg\",\"contentUrl\":\"https:\/\/ecole601.com\/wp-content\/uploads\/2024\/03\/quentin_avatar-96x96.jpg\",\"caption\":\"Quentin\"},\"sameAs\":[\"https:\/\/ecole601.com\"],\"url\":\"https:\/\/ecole601.com\/pt-br\/author\/oberquentin\/\"}]}<\/script>\n<!-- \/ Yoast SEO plugin. -->","yoast_head_json":{"title":"Os Verbos Reflexivos (se laver, se brosser...) - Ecole 601","robots":{"index":"index","follow":"follow","max-snippet":"max-snippet:-1","max-image-preview":"max-image-preview:large","max-video-preview":"max-video-preview:-1"},"canonical":"https:\/\/ecole601.com\/pt-br\/os-verbos-reflexivos-se-laver-se-brosser\/","og_locale":"pt_PT","og_type":"article","og_title":"Os Verbos Reflexivos (se laver, se brosser...) - Ecole 601","og_description":"Os pronomes reflexivos s\u00e3o pronomes usados com verbos reflexivos. Voc\u00ea se lembra? &#8220;se laver, se r\u00e9veiller&#8230;&#8221; Basicamente os verbos reflexivos s\u00e3o aqueles onde a pessoa faz e recebe a a\u00e7\u00e3o, como &#8220;eu me lavo&#8221; (je me lave). A estrutura \u00e9 sempre a mesma para todos os verbos reflexivos, como voc\u00ea pode ver abaixo. Les pronoms [&hellip;]","og_url":"https:\/\/ecole601.com\/pt-br\/os-verbos-reflexivos-se-laver-se-brosser\/","og_site_name":"Ecole 601","article_publisher":"https:\/\/www.facebook.com\/ecole601fr","article_published_time":"2023-03-24T12:17:54+00:00","article_modified_time":"2023-04-21T13:16:58+00:00","og_image":[{"width":1200,"height":628,"url":"https:\/\/d2kfx7qtx6eao3.cloudfront.net\/wp-content\/uploads\/2023\/02\/10103835\/Les-pronoms-reflechis-se-laver....png","type":"image\/png"}],"author":"Quentin","twitter_card":"summary_large_image","twitter_misc":{"Written by":"Quentin","Est. reading time":"3 minutes"},"schema":{"@context":"https:\/\/schema.org","@graph":[{"@type":"Article","@id":"https:\/\/ecole601.com\/pt-br\/os-verbos-reflexivos-se-laver-se-brosser\/#article","isPartOf":{"@id":"https:\/\/ecole601.com\/pt-br\/os-verbos-reflexivos-se-laver-se-brosser\/"},"author":{"name":"Quentin","@id":"https:\/\/ecole601.com\/pt-br\/#\/schema\/person\/3fa5f8899a8ddd8bf606aca02ec4f2ee"},"headline":"Os Verbos Reflexivos (se laver, se brosser&#8230;)","datePublished":"2023-03-24T12:17:54+00:00","dateModified":"2023-04-21T13:16:58+00:00","mainEntityOfPage":{"@id":"https:\/\/ecole601.com\/pt-br\/os-verbos-reflexivos-se-laver-se-brosser\/"},"wordCount":405,"commentCount":0,"publisher":{"@id":"https:\/\/ecole601.com\/pt-br\/#organization"},"image":{"@id":"https:\/\/ecole601.com\/pt-br\/os-verbos-reflexivos-se-laver-se-brosser\/#primaryimage"},"thumbnailUrl":"https:\/\/ecole601.com\/wp-content\/uploads\/2023\/02\/Les-pronoms-reflechis-se-laver....png","articleSection":["Franc\u00eas iniciantes","Gram\u00e1tica","N\u00e3o categorizado","Verbos Franc\u00eas"],"inLanguage":"pt-BR","potentialAction":[{"@type":"CommentAction","name":"Comment","target":["https:\/\/ecole601.com\/pt-br\/os-verbos-reflexivos-se-laver-se-brosser\/#respond"]}]},{"@type":"WebPage","@id":"https:\/\/ecole601.com\/pt-br\/os-verbos-reflexivos-se-laver-se-brosser\/","url":"https:\/\/ecole601.com\/pt-br\/os-verbos-reflexivos-se-laver-se-brosser\/","name":"Os Verbos Reflexivos (se laver, se brosser...) - Ecole 601","isPartOf":{"@id":"https:\/\/ecole601.com\/pt-br\/#website"},"primaryImageOfPage":{"@id":"https:\/\/ecole601.com\/pt-br\/os-verbos-reflexivos-se-laver-se-brosser\/#primaryimage"},"image":{"@id":"https:\/\/ecole601.com\/pt-br\/os-verbos-reflexivos-se-laver-se-brosser\/#primaryimage"},"thumbnailUrl":"https:\/\/ecole601.com\/wp-content\/uploads\/2023\/02\/Les-pronoms-reflechis-se-laver....png","datePublished":"2023-03-24T12:17:54+00:00","dateModified":"2023-04-21T13:16:58+00:00","breadcrumb":{"@id":"https:\/\/ecole601.com\/pt-br\/os-verbos-reflexivos-se-laver-se-brosser\/#breadcrumb"},"inLanguage":"pt-BR","potentialAction":[{"@type":"ReadAction","target":["https:\/\/ecole601.com\/pt-br\/os-verbos-reflexivos-se-laver-se-brosser\/"]}]},{"@type":"ImageObject","inLanguage":"pt-BR","@id":"https:\/\/ecole601.com\/pt-br\/os-verbos-reflexivos-se-laver-se-brosser\/#primaryimage","url":"https:\/\/ecole601.com\/wp-content\/uploads\/2023\/02\/Les-pronoms-reflechis-se-laver....png","contentUrl":"https:\/\/ecole601.com\/wp-content\/uploads\/2023\/02\/Les-pronoms-reflechis-se-laver....png","width":1200,"height":628},{"@type":"BreadcrumbList","@id":"https:\/\/ecole601.com\/pt-br\/os-verbos-reflexivos-se-laver-se-brosser\/#breadcrumb","itemListElement":[{"@type":"ListItem","position":1,"name":"In\u00edcio","item":"https:\/\/ecole601.com\/pt-br\/home-page\/"},{"@type":"ListItem","position":2,"name":"Os Verbos Reflexivos (se laver, se brosser&#8230;)"}]},{"@type":"WebSite","@id":"https:\/\/ecole601.com\/pt-br\/#website","url":"https:\/\/ecole601.com\/pt-br\/","name":"Ecole 601","description":"O franc\u00eas, com sucesso","publisher":{"@id":"https:\/\/ecole601.com\/pt-br\/#organization"},"potentialAction":[{"@type":"SearchAction","target":{"@type":"EntryPoint","urlTemplate":"https:\/\/ecole601.com\/pt-br\/?s={search_term_string}"},"query-input":{"@type":"PropertyValueSpecification","valueRequired":true,"valueName":"search_term_string"}}],"inLanguage":"pt-BR"},{"@type":"Organization","@id":"https:\/\/ecole601.com\/pt-br\/#organization","name":"Ecole 601","url":"https:\/\/ecole601.com\/pt-br\/","logo":{"@type":"ImageObject","inLanguage":"pt-BR","@id":"https:\/\/ecole601.com\/pt-br\/#\/schema\/logo\/image\/","url":"https:\/\/d2kfx7qtx6eao3.cloudfront.net\/wp-content\/uploads\/2022\/11\/02172437\/cropped-601-logo-500-1.png","contentUrl":"https:\/\/d2kfx7qtx6eao3.cloudfront.net\/wp-content\/uploads\/2022\/11\/02172437\/cropped-601-logo-500-1.png","width":512,"height":512,"caption":"Ecole 601"},"image":{"@id":"https:\/\/ecole601.com\/pt-br\/#\/schema\/logo\/image\/"},"sameAs":["https:\/\/www.facebook.com\/ecole601fr","https:\/\/www.instagram.com\/ecole_601\/","https:\/\/www.youtube.com\/channel\/UCAjAf3oKoKHEkzqqWbwgr5A"]},{"@type":"Person","@id":"https:\/\/ecole601.com\/pt-br\/#\/schema\/person\/3fa5f8899a8ddd8bf606aca02ec4f2ee","name":"Quentin","image":{"@type":"ImageObject","inLanguage":"pt-BR","@id":"https:\/\/ecole601.com\/pt-br\/#\/schema\/person\/image\/","url":"https:\/\/ecole601.com\/wp-content\/uploads\/2024\/03\/quentin_avatar-96x96.jpg","contentUrl":"https:\/\/ecole601.com\/wp-content\/uploads\/2024\/03\/quentin_avatar-96x96.jpg","caption":"Quentin"},"sameAs":["https:\/\/ecole601.com"],"url":"https:\/\/ecole601.com\/pt-br\/author\/oberquentin\/"}]}},"_links":{"self":[{"href":"https:\/\/ecole601.com\/pt-br\/wp-json\/wp\/v2\/posts\/17251","targetHints":{"allow":["GET"]}}],"collection":[{"href":"https:\/\/ecole601.com\/pt-br\/wp-json\/wp\/v2\/posts"}],"about":[{"href":"https:\/\/ecole601.com\/pt-br\/wp-json\/wp\/v2\/types\/post"}],"author":[{"embeddable":true,"href":"https:\/\/ecole601.com\/pt-br\/wp-json\/wp\/v2\/users\/1"}],"replies":[{"embeddable":true,"href":"https:\/\/ecole601.com\/pt-br\/wp-json\/wp\/v2\/comments?post=17251"}],"version-history":[{"count":8,"href":"https:\/\/ecole601.com\/pt-br\/wp-json\/wp\/v2\/posts\/17251\/revisions"}],"predecessor-version":[{"id":30850,"href":"https:\/\/ecole601.com\/pt-br\/wp-json\/wp\/v2\/posts\/17251\/revisions\/30850"}],"wp:featuredmedia":[{"embeddable":true,"href":"https:\/\/ecole601.com\/pt-br\/wp-json\/wp\/v2\/media\/17449"}],"wp:attachment":[{"href":"https:\/\/ecole601.com\/pt-br\/wp-json\/wp\/v2\/media?parent=17251"}],"wp:term":[{"taxonomy":"category","embeddable":true,"href":"https:\/\/ecole601.com\/pt-br\/wp-json\/wp\/v2\/categories?post=17251"},{"taxonomy":"post_tag","embeddable":true,"href":"https:\/\/ecole601.com\/pt-br\/wp-json\/wp\/v2\/tags?post=17251"}],"curies":[{"name":"wp","href":"https:\/\/api.w.org\/{rel}","templated":true}]}}