{"id":3356,"date":"2022-09-27T00:54:44","date_gmt":"2022-09-27T00:54:44","guid":{"rendered":"https:\/\/frances601.com\/?p=3356"},"modified":"2023-04-17T12:12:07","modified_gmt":"2023-04-17T15:12:07","slug":"como-conjugar-90-dos-verbos-em-frances","status":"publish","type":"post","link":"https:\/\/ecole601.com\/pt-br\/como-conjugar-90-dos-verbos-em-frances\/","title":{"rendered":"Como conjugar 90% dos verbos em franc\u00eas"},"content":{"rendered":"\n<p>Sim, 90% dos verbos franceses&#8230; E se eu lhe dissesse que voc\u00ea poderia aprender a conjuga\u00e7\u00e3o desses verbos em menos de uma hora? Estamos falando de verbos que terminam em -er!<\/p>\n\n\n\n<p><\/p>\n\n\n\n<h2 class=\"wp-block-heading\"><strong>A conjuga\u00e7\u00e3o de verbos franceses em -er<\/strong><\/h2>\n\n\n\n<p>Existem tr\u00eas grupos de verbos em franc\u00eas, vamos come\u00e7ar com os mais comuns (90% dos verbos), o que tamb\u00e9m \u00e9 o mais f\u00e1cil de aprender! Este \u00e9 o primeiro grupo, ou seja, verbos que terminam em -er<\/p>\n\n\n\n<div class=\"wp-block-columns is-layout-flex wp-container-core-columns-is-layout-28f84493 wp-block-columns-is-layout-flex\">\n<div class=\"wp-block-column is-layout-flow wp-block-column-is-layout-flow\"><\/div>\n\n\n\n<div class=\"wp-block-column is-layout-flow wp-block-column-is-layout-flow\" style=\"flex-basis:500px\">\n<h3 class=\"wp-block-heading\"><strong>Le verbe &#8220;commencer&#8221;<\/strong><\/h3>\n\n\n\n<figure class=\"wp-block-table is-style-stripes\"><table><tbody><tr><td>Je&nbsp;<\/td><td>Commenc<strong>&nbsp;\u2013 e&nbsp;<\/strong><\/td><\/tr><tr><td>Tu&nbsp;<\/td><td>Commenc&nbsp;<strong>\u2013 es&nbsp;<\/strong><\/td><\/tr><tr><td>Il&nbsp;\/ Elle \/ On<\/td><td>Commenc<strong>&nbsp;\u2013 e&nbsp;<\/strong><\/td><\/tr><tr><td>Nous<\/td><td>Commen<strong>\u00e7 \u2013 ons<\/strong><\/td><\/tr><tr><td>Vous<\/td><td>Commenc<strong>&nbsp;\u2013 ez&nbsp;<\/strong><\/td><\/tr><tr><td>Ils \/ Elles<\/td><td>Commenc<strong>&nbsp;\u2013 ent&nbsp;<\/strong><\/td><\/tr><\/tbody><\/table><\/figure>\n<\/div>\n\n\n\n<div class=\"wp-block-column is-layout-flow wp-block-column-is-layout-flow\"><\/div>\n<\/div>\n\n\n\n<div class=\"wp-block-columns citation-class has-background is-layout-flex wp-container-core-columns-is-layout-28f84493 wp-block-columns-is-layout-flex\" style=\"background-color:#abb7c247\">\n<div class=\"wp-block-column is-layout-flow wp-block-column-is-layout-flow\" style=\"flex-basis:100%\">\n<h2 class=\"wp-block-heading\">Ilustra\u00e7\u00e3o &#8211; escute com aten\u00e7\u00e3o<\/h2>\n\n\n\n<figure class=\"wp-block-audio\"><audio controls src=\"https:\/\/frances601.com\/wp-content\/uploads\/2022\/08\/Lecon-1-intra-exemple.mp3\"><\/audio><figcaption class=\"wp-element-caption\"><em>Ou\u00e7a este clipe, mude a velocidade se voc\u00ea quiser<\/em><\/figcaption><\/figure>\n\n\n\n<blockquote class=\"wp-block-quote has-background is-layout-flow wp-block-quote-is-layout-flow\" style=\"background-color:#f1faed00\">\n<p>&#8220;Je commence la le\u00e7on. Aujourd&#8217;hui, nous commen\u00e7ons la le\u00e7on ensemble, et personne ne nous regarde.&#8221; <\/p>\n<cite>&#8220;Come\u00e7o a li\u00e7\u00e3o. Hoje, come\u00e7amos a li\u00e7\u00e3o juntos, e ningu\u00e9m est\u00e1 olhando para n\u00f3s.&#8221;<\/cite><\/blockquote>\n<\/div>\n<\/div>\n\n\n\n<h3 class=\"wp-block-heading\"><strong>Outros verbos franceses em -er :&nbsp;<\/strong><\/h3>\n\n\n\n<ul class=\"wp-block-list\">\n<li><strong>Regarder <\/strong>(olhar)<strong> <\/strong>: je regard<strong>e<\/strong>, tu regard<strong>es<\/strong>, il\/elle\/on regard<strong>e<\/strong>, nous regard<strong>ons<\/strong>, vous regard<strong>ez<\/strong>, ils\/elles regard<strong>ent<\/strong>.<\/li>\n<\/ul>\n\n\n\n<ul class=\"wp-block-list\">\n<li><strong>Manger<\/strong> (comer) : je mang<strong>e<\/strong>, tu mang<strong>es<\/strong>, il\/elle\/on mang<strong>e<\/strong>, nous mang<strong><span style=\"text-decoration: underline;\">eons<\/span><\/strong>, vous mang<strong>ez<\/strong>, ils\/elles mang<strong>ent<\/strong><\/li>\n<\/ul>\n\n\n<style>.wp-block-kadence-spacer.kt-block-spacer-_3662b8-c2 .kt-block-spacer{height:60px;}.wp-block-kadence-spacer.kt-block-spacer-_3662b8-c2 .kt-divider{border-top-width:1px;height:1px;border-top-color:#eee;width:80%;border-top-style:solid;}<\/style>\n<div class=\"wp-block-kadence-spacer aligncenter kt-block-spacer-_3662b8-c2\"><div class=\"kt-block-spacer kt-block-spacer-halign-center\"><hr class=\"kt-divider\"\/><\/div><\/div>\n\n\n\n\n\n<div class=\"wp-block-fluent-crm-conditional-content\"><div class=\"fc-cond-blocks\">\n<p class=\"has-text-align-center\"><strong>Fa\u00e7a login gratuitamente para fazer os <a href=\"https:\/\/ecole601.com\/login\/\">exerc\u00edcios aqui.<\/a><\/strong><\/p>\n\n\n\n<figure class=\"wp-block-image aligncenter size-large blurred\"><img decoding=\"async\" width=\"1024\" height=\"359\" src=\"https:\/\/ecole601.com\/wp-content\/uploads\/2022\/09\/selectionne-les-verbes-du-premier-groupe-1024x359.jpeg\" alt=\"\" class=\"wp-image-30100\" srcset=\"https:\/\/ecole601.com\/wp-content\/uploads\/2022\/09\/selectionne-les-verbes-du-premier-groupe-1024x359.jpeg 1024w, https:\/\/ecole601.com\/wp-content\/uploads\/2022\/09\/selectionne-les-verbes-du-premier-groupe-600x210.jpeg 600w, https:\/\/ecole601.com\/wp-content\/uploads\/2022\/09\/selectionne-les-verbes-du-premier-groupe-300x105.jpeg 300w, https:\/\/ecole601.com\/wp-content\/uploads\/2022\/09\/selectionne-les-verbes-du-premier-groupe-768x269.jpeg 768w, https:\/\/ecole601.com\/wp-content\/uploads\/2022\/09\/selectionne-les-verbes-du-premier-groupe-624x219.jpeg 624w, https:\/\/ecole601.com\/wp-content\/uploads\/2022\/09\/selectionne-les-verbes-du-premier-groupe-80x28.jpeg 80w, https:\/\/ecole601.com\/wp-content\/uploads\/2022\/09\/selectionne-les-verbes-du-premier-groupe-100x35.jpeg 100w, https:\/\/ecole601.com\/wp-content\/uploads\/2022\/09\/selectionne-les-verbes-du-premier-groupe.jpeg 1345w\" sizes=\"(max-width: 1024px) 100vw, 1024px\" \/><\/figure>\n\n\n\n<p>   <\/p>\n<\/div><\/div>\n\n\n\n<div style=\"height:100px\" aria-hidden=\"true\" class=\"wp-block-spacer\"><\/div>\n\n\n\n<p>Voc\u00ea notou que na primeira pessoa no plural &#8220;nous&#8221;, adicionamos um &#8220;\u00e7&#8221; a &#8220;commen\u00e7ons&#8221; e um &#8220;e&#8221; a &#8220;mangeons&#8221;. Voc\u00ea sabe por qu\u00ea?<\/p>\n\n\n\n<p class=\"has-text-color has-background\" style=\"color:#f1faee;background-color:#1d3557\"><strong><span style=\"text-decoration: underline;\">Explica\u00e7\u00f5es :<\/span><\/strong> no caso de verbos terminados em &#8220;ger&#8221;, como &#8220;manger&#8221; e &#8220;nager&#8221;, na 1\u00aa pessoa do plural (nous), adiciona-se um &#8220;e&#8221; entre a raiz e a termina\u00e7\u00e3o, para que o &#8220;g&#8221; mantenha o som de &#8220;j&#8221;, pois se escrev\u00eassemos &#8220;nous mangons&#8221;, o &#8220;g&#8221; teria o mesmo som que na palavra &#8220;gato&#8221;. Mas esse &#8220;e&#8221; \u00e9 mudo, &#8220;-geons&#8221; deve ser lido como &#8220;j\u00f5&#8221;. <br><br>J\u00e1 para verbos terminados em &#8220;cer&#8221;, como &#8220;placer&#8221;, ainda na 1\u00aa pessoa do plural (nous), o &#8220;c&#8221; \u00e9 substitu\u00eddo por &#8220;\u00e7&#8221; para se manter o som de &#8220;s&#8221; (&#8220;je commence&#8221;, mas &#8220;nous commen\u00e7ons&#8221;).<\/p>\n\n\n\n<div style=\"height:100px\" aria-hidden=\"true\" class=\"wp-block-spacer\"><\/div>\n\n\n\n<h2 class=\"wp-block-heading\">Voc\u00ea quer receber a li\u00e7\u00e3o em PDF?<\/h2>\n\n\n<div class='fluentform ff-default fluentform_wrapper_8  ff_guten_block ffs_default_wrap'><form data-form_id=\"8\" id=\"fluentform_8\" class=\"frm-fluent-form fluent_form_8 ff-el-form-top ff_form_instance_8_1 ff-form-loading ff_has_v3_recptcha ffs_default\" data-form_instance=\"ff_form_instance_8_1\" method=\"POST\" data-recptcha_key=\"6Lf1bwAjAAAAANwZ4PFI4M0zEejT1-5Cqw6934dd\" ><fieldset  style=\"border: none!important;margin: 0!important;padding: 0!important;background-color: transparent!important;box-shadow: none!important;outline: none!important; min-inline-size: 100%;\">\n                    <legend class=\"ff_screen_reader_title\" style=\"display: block; margin: 0!important;padding: 0!important;height: 0!important;text-indent: -999999px;width: 0!important;overflow:hidden;\">PDF 90% verbos<\/legend><input type='hidden' name='__fluent_form_embded_post_id' value='3356' \/><input type=\"hidden\" id=\"_fluentform_8_fluentformnonce\" name=\"_fluentform_8_fluentformnonce\" value=\"3ade03b61f\" \/><input type=\"hidden\" name=\"_wp_http_referer\" value=\"\/pt-br\/wp-json\/wp\/v2\/posts\/3356\" \/><div data-type=\"name-element\" data-name=\"names\" class=\" ff-field_container ff-name-field-wrapper\" ><div class='ff-t-container'><div class='ff-t-cell '><div class='ff-el-group'><div class=\"ff-el-input--label ff-el-is-required asterisk-right\"><label for='ff_8_names_first_name_' >Nome<\/label><\/div><div class='ff-el-input--content'><input type=\"text\" name=\"names[first_name]\" value=\"\" id=\"ff_8_names_first_name_\" class=\"ff-el-form-control\" placeholder=\"Nome\" aria-invalid=\"false\" aria-required=true><\/div><\/div><\/div><div class='ff-t-cell '><div class='ff-el-group'><div class=\"ff-el-input--label ff-el-is-required asterisk-right\"><label for='ff_8_names_last_name_' >Sobrenome<\/label><\/div><div class='ff-el-input--content'><input type=\"text\" name=\"names[last_name]\" value=\"\" id=\"ff_8_names_last_name_\" class=\"ff-el-form-control\" placeholder=\"Sobrenome\" aria-invalid=\"false\" aria-required=true><\/div><\/div><\/div><\/div><\/div><div class='ff-el-group'><div class=\"ff-el-input--label ff-el-is-required asterisk-right\"><label for='ff_8_email' aria-label=\"Email\">Email<\/label><\/div><div class='ff-el-input--content'><input type=\"email\" name=\"email\" value=\"\" id=\"ff_8_email\" class=\"ff-el-form-control\" placeholder=\"Email Address\" data-name=\"email\"  aria-invalid=\"false\" aria-required=true><\/div><\/div><div class='ff-el-group ff-text-left ff_submit_btn_wrapper ff_submit_btn_wrapper_custom'><button class=\"ff-btn ff-btn-submit ff-btn-md ff_btn_style wpf_has_custom_css\" type=\"submit\" name=\"custom_submit_button-8_1\" data-name=\"custom_submit_button-8_1\" >Receber o PDF<\/button><style>form.fluent_form_8 .wpf_has_custom_css.ff-btn-submit { background-color:rgba(29, 53, 87, 1);border-color:rgba(29, 53, 87, 1);color:#ffffff;min-width:100%; }form.fluent_form_8 .wpf_has_custom_css.ff-btn-submit:hover { background-color:#ffffff;border-color:#409EFF;color:#409EFF;min-width:100%; } <\/style><\/div><\/fieldset><\/form><div id='fluentform_8_errors' class='ff-errors-in-stack ff_form_instance_8_1 ff-form-loading_errors ff_form_instance_8_1_errors'><\/div><\/div>        <script type=\"text\/javascript\">\n            window.fluent_form_ff_form_instance_8_1 = {\"id\":\"8\",\"settings\":{\"layout\":{\"labelPlacement\":\"top\",\"helpMessagePlacement\":\"with_label\",\"errorMessagePlacement\":\"inline\"},\"restrictions\":{\"denyEmptySubmission\":{\"enabled\":false}}},\"form_instance\":\"ff_form_instance_8_1\",\"form_id_selector\":\"fluentform_8\",\"rules\":{\"names[first_name]\":{\"required\":{\"value\":true,\"message\":\"This field is required\"}},\"names[middle_name]\":{\"required\":{\"value\":false,\"message\":\"This field is required\"}},\"names[last_name]\":{\"required\":{\"value\":true,\"message\":\"This field is required\"}},\"email\":{\"required\":{\"value\":true,\"message\":\"This field is required\"},\"email\":{\"value\":true,\"message\":\"This field must contain a valid email\"}}},\"debounce_time\":300};\n                    <\/script>\n        \n\n\n<div style=\"height:122px\" aria-hidden=\"true\" class=\"wp-block-spacer\"><\/div>\n\n\n\n<h2 class=\"wp-block-heading\">Agora pratique a conjuga\u00e7\u00e3o dos verbos em franc\u00eas do primeiro grupo.<\/h2>\n\n\n\n\n\n<div class=\"wp-block-fluent-crm-conditional-content\"><div class=\"fc-cond-blocks\">\n<p class=\"has-text-align-center\"><strong>Fa\u00e7a login gratuitamente para fazer os <a href=\"https:\/\/ecole601.com\/login\/\">exerc\u00edcios aqui.<\/a><\/strong><\/p>\n\n\n\n<figure class=\"wp-block-image aligncenter size-large blurred\"><img decoding=\"async\" width=\"1024\" height=\"451\" src=\"https:\/\/ecole601.com\/wp-content\/uploads\/2022\/09\/les-verbes-en-er-en-francais-1024x451.jpeg\" alt=\"\" class=\"wp-image-30098\" srcset=\"https:\/\/ecole601.com\/wp-content\/uploads\/2022\/09\/les-verbes-en-er-en-francais-1024x451.jpeg 1024w, https:\/\/ecole601.com\/wp-content\/uploads\/2022\/09\/les-verbes-en-er-en-francais-600x264.jpeg 600w, https:\/\/ecole601.com\/wp-content\/uploads\/2022\/09\/les-verbes-en-er-en-francais-300x132.jpeg 300w, https:\/\/ecole601.com\/wp-content\/uploads\/2022\/09\/les-verbes-en-er-en-francais-768x339.jpeg 768w, https:\/\/ecole601.com\/wp-content\/uploads\/2022\/09\/les-verbes-en-er-en-francais-624x275.jpeg 624w, https:\/\/ecole601.com\/wp-content\/uploads\/2022\/09\/les-verbes-en-er-en-francais-80x35.jpeg 80w, https:\/\/ecole601.com\/wp-content\/uploads\/2022\/09\/les-verbes-en-er-en-francais-100x44.jpeg 100w, https:\/\/ecole601.com\/wp-content\/uploads\/2022\/09\/les-verbes-en-er-en-francais.jpeg 1343w\" sizes=\"(max-width: 1024px) 100vw, 1024px\" \/><\/figure>\n\n\n\n<p>   <\/p>\n<\/div><\/div>\n","protected":false},"excerpt":{"rendered":"<p>Sim, 90% dos verbos franceses&#8230; E se eu lhe dissesse que voc\u00ea poderia aprender a conjuga\u00e7\u00e3o desses verbos em menos de uma hora?<\/p>\n","protected":false},"author":1,"featured_media":3618,"comment_status":"open","ping_status":"open","sticky":false,"template":"","format":"standard","meta":{"site-sidebar-layout":"default","site-content-layout":"","ast-site-content-layout":"default","site-content-style":"default","site-sidebar-style":"default","ast-global-header-display":"","ast-banner-title-visibility":"","ast-main-header-display":"","ast-hfb-above-header-display":"","ast-hfb-below-header-display":"","ast-hfb-mobile-header-display":"","site-post-title":"","ast-breadcrumbs-content":"","ast-featured-img":"","footer-sml-layout":"","theme-transparent-header-meta":"","adv-header-id-meta":"","stick-header-meta":"","header-above-stick-meta":"","header-main-stick-meta":"","header-below-stick-meta":"","astra-migrate-meta-layouts":"default","ast-page-background-enabled":"default","ast-page-background-meta":{"desktop":{"background-color":"","background-image":"","background-repeat":"repeat","background-position":"center center","background-size":"auto","background-attachment":"scroll","background-type":"","background-media":"","overlay-type":"","overlay-color":"","overlay-opacity":"","overlay-gradient":""},"tablet":{"background-color":"","background-image":"","background-repeat":"repeat","background-position":"center center","background-size":"auto","background-attachment":"scroll","background-type":"","background-media":"","overlay-type":"","overlay-color":"","overlay-opacity":"","overlay-gradient":""},"mobile":{"background-color":"","background-image":"","background-repeat":"repeat","background-position":"center center","background-size":"auto","background-attachment":"scroll","background-type":"","background-media":"","overlay-type":"","overlay-color":"","overlay-opacity":"","overlay-gradient":""}},"ast-content-background-meta":{"desktop":{"background-color":"var(--ast-global-color-5)","background-image":"","background-repeat":"repeat","background-position":"center center","background-size":"auto","background-attachment":"scroll","background-type":"","background-media":"","overlay-type":"","overlay-color":"","overlay-opacity":"","overlay-gradient":""},"tablet":{"background-color":"var(--ast-global-color-5)","background-image":"","background-repeat":"repeat","background-position":"center center","background-size":"auto","background-attachment":"scroll","background-type":"","background-media":"","overlay-type":"","overlay-color":"","overlay-opacity":"","overlay-gradient":""},"mobile":{"background-color":"var(--ast-global-color-5)","background-image":"","background-repeat":"repeat","background-position":"center center","background-size":"auto","background-attachment":"scroll","background-type":"","background-media":"","overlay-type":"","overlay-color":"","overlay-opacity":"","overlay-gradient":""}},"footnotes":""},"categories":[91,92],"tags":[],"class_list":["post-3356","post","type-post","status-publish","format-standard","has-post-thumbnail","hentry","category-frances-iniciantes","category-verbos-frances"],"yoast_head":"<!-- This site is optimized with the Yoast SEO plugin v24.0 - https:\/\/yoast.com\/wordpress\/plugins\/seo\/ -->\n<title>Como conjugar 90% dos verbos em franc\u00eas - Ecole 601<\/title>\n<meta name=\"robots\" content=\"index, follow, max-snippet:-1, max-image-preview:large, max-video-preview:-1\" \/>\n<link rel=\"canonical\" href=\"https:\/\/ecole601.com\/pt-br\/como-conjugar-90-dos-verbos-em-frances\/\" \/>\n<meta property=\"og:locale\" content=\"pt_PT\" \/>\n<meta property=\"og:type\" content=\"article\" \/>\n<meta property=\"og:title\" content=\"Como conjugar 90% dos verbos em franc\u00eas - Ecole 601\" \/>\n<meta property=\"og:description\" content=\"Sim, 90% dos verbos franceses... E se eu lhe dissesse que voc\u00ea poderia aprender a conjuga\u00e7\u00e3o desses verbos em menos de uma hora?\" \/>\n<meta property=\"og:url\" content=\"https:\/\/ecole601.com\/pt-br\/como-conjugar-90-dos-verbos-em-frances\/\" \/>\n<meta property=\"og:site_name\" content=\"Ecole 601\" \/>\n<meta property=\"article:publisher\" content=\"https:\/\/www.facebook.com\/ecole601fr\" \/>\n<meta property=\"article:published_time\" content=\"2022-09-27T00:54:44+00:00\" \/>\n<meta property=\"article:modified_time\" content=\"2023-04-17T15:12:07+00:00\" \/>\n<meta property=\"og:image\" content=\"https:\/\/d2kfx7qtx6eao3.cloudfront.net\/wp-content\/uploads\/2022\/09\/13134609\/Featured-image-90-dos-verbos-em-frances.png\" \/>\n\t<meta property=\"og:image:width\" content=\"1200\" \/>\n\t<meta property=\"og:image:height\" content=\"628\" \/>\n\t<meta property=\"og:image:type\" content=\"image\/png\" \/>\n<meta name=\"author\" content=\"Quentin\" \/>\n<meta name=\"twitter:card\" content=\"summary_large_image\" \/>\n<meta name=\"twitter:label1\" content=\"Written by\" \/>\n\t<meta name=\"twitter:data1\" content=\"Quentin\" \/>\n\t<meta name=\"twitter:label2\" content=\"Est. reading time\" \/>\n\t<meta name=\"twitter:data2\" content=\"3 minutes\" \/>\n<script type=\"application\/ld+json\" class=\"yoast-schema-graph\">{\"@context\":\"https:\/\/schema.org\",\"@graph\":[{\"@type\":\"Article\",\"@id\":\"https:\/\/ecole601.com\/pt-br\/como-conjugar-90-dos-verbos-em-frances\/#article\",\"isPartOf\":{\"@id\":\"https:\/\/ecole601.com\/pt-br\/como-conjugar-90-dos-verbos-em-frances\/\"},\"author\":{\"name\":\"Quentin\",\"@id\":\"https:\/\/ecole601.com\/pt-br\/#\/schema\/person\/3fa5f8899a8ddd8bf606aca02ec4f2ee\"},\"headline\":\"Como conjugar 90% dos verbos em franc\u00eas\",\"datePublished\":\"2022-09-27T00:54:44+00:00\",\"dateModified\":\"2023-04-17T15:12:07+00:00\",\"mainEntityOfPage\":{\"@id\":\"https:\/\/ecole601.com\/pt-br\/como-conjugar-90-dos-verbos-em-frances\/\"},\"wordCount\":363,\"commentCount\":0,\"publisher\":{\"@id\":\"https:\/\/ecole601.com\/pt-br\/#organization\"},\"image\":{\"@id\":\"https:\/\/ecole601.com\/pt-br\/como-conjugar-90-dos-verbos-em-frances\/#primaryimage\"},\"thumbnailUrl\":\"https:\/\/ecole601.com\/wp-content\/uploads\/2022\/09\/Featured-image-90-dos-verbos-em-frances.png\",\"articleSection\":[\"Franc\u00eas iniciantes\",\"Verbos Franc\u00eas\"],\"inLanguage\":\"pt-BR\",\"potentialAction\":[{\"@type\":\"CommentAction\",\"name\":\"Comment\",\"target\":[\"https:\/\/ecole601.com\/pt-br\/como-conjugar-90-dos-verbos-em-frances\/#respond\"]}]},{\"@type\":\"WebPage\",\"@id\":\"https:\/\/ecole601.com\/pt-br\/como-conjugar-90-dos-verbos-em-frances\/\",\"url\":\"https:\/\/ecole601.com\/pt-br\/como-conjugar-90-dos-verbos-em-frances\/\",\"name\":\"Como conjugar 90% dos verbos em franc\u00eas - Ecole 601\",\"isPartOf\":{\"@id\":\"https:\/\/ecole601.com\/pt-br\/#website\"},\"primaryImageOfPage\":{\"@id\":\"https:\/\/ecole601.com\/pt-br\/como-conjugar-90-dos-verbos-em-frances\/#primaryimage\"},\"image\":{\"@id\":\"https:\/\/ecole601.com\/pt-br\/como-conjugar-90-dos-verbos-em-frances\/#primaryimage\"},\"thumbnailUrl\":\"https:\/\/ecole601.com\/wp-content\/uploads\/2022\/09\/Featured-image-90-dos-verbos-em-frances.png\",\"datePublished\":\"2022-09-27T00:54:44+00:00\",\"dateModified\":\"2023-04-17T15:12:07+00:00\",\"breadcrumb\":{\"@id\":\"https:\/\/ecole601.com\/pt-br\/como-conjugar-90-dos-verbos-em-frances\/#breadcrumb\"},\"inLanguage\":\"pt-BR\",\"potentialAction\":[{\"@type\":\"ReadAction\",\"target\":[\"https:\/\/ecole601.com\/pt-br\/como-conjugar-90-dos-verbos-em-frances\/\"]}]},{\"@type\":\"ImageObject\",\"inLanguage\":\"pt-BR\",\"@id\":\"https:\/\/ecole601.com\/pt-br\/como-conjugar-90-dos-verbos-em-frances\/#primaryimage\",\"url\":\"https:\/\/ecole601.com\/wp-content\/uploads\/2022\/09\/Featured-image-90-dos-verbos-em-frances.png\",\"contentUrl\":\"https:\/\/ecole601.com\/wp-content\/uploads\/2022\/09\/Featured-image-90-dos-verbos-em-frances.png\",\"width\":1200,\"height\":628},{\"@type\":\"BreadcrumbList\",\"@id\":\"https:\/\/ecole601.com\/pt-br\/como-conjugar-90-dos-verbos-em-frances\/#breadcrumb\",\"itemListElement\":[{\"@type\":\"ListItem\",\"position\":1,\"name\":\"In\u00edcio\",\"item\":\"https:\/\/ecole601.com\/pt-br\/home-page\/\"},{\"@type\":\"ListItem\",\"position\":2,\"name\":\"Como conjugar 90% dos verbos em franc\u00eas\"}]},{\"@type\":\"WebSite\",\"@id\":\"https:\/\/ecole601.com\/pt-br\/#website\",\"url\":\"https:\/\/ecole601.com\/pt-br\/\",\"name\":\"Ecole 601\",\"description\":\"O franc\u00eas, com sucesso\",\"publisher\":{\"@id\":\"https:\/\/ecole601.com\/pt-br\/#organization\"},\"potentialAction\":[{\"@type\":\"SearchAction\",\"target\":{\"@type\":\"EntryPoint\",\"urlTemplate\":\"https:\/\/ecole601.com\/pt-br\/?s={search_term_string}\"},\"query-input\":{\"@type\":\"PropertyValueSpecification\",\"valueRequired\":true,\"valueName\":\"search_term_string\"}}],\"inLanguage\":\"pt-BR\"},{\"@type\":\"Organization\",\"@id\":\"https:\/\/ecole601.com\/pt-br\/#organization\",\"name\":\"Ecole 601\",\"url\":\"https:\/\/ecole601.com\/pt-br\/\",\"logo\":{\"@type\":\"ImageObject\",\"inLanguage\":\"pt-BR\",\"@id\":\"https:\/\/ecole601.com\/pt-br\/#\/schema\/logo\/image\/\",\"url\":\"https:\/\/d2kfx7qtx6eao3.cloudfront.net\/wp-content\/uploads\/2022\/11\/02172437\/cropped-601-logo-500-1.png\",\"contentUrl\":\"https:\/\/d2kfx7qtx6eao3.cloudfront.net\/wp-content\/uploads\/2022\/11\/02172437\/cropped-601-logo-500-1.png\",\"width\":512,\"height\":512,\"caption\":\"Ecole 601\"},\"image\":{\"@id\":\"https:\/\/ecole601.com\/pt-br\/#\/schema\/logo\/image\/\"},\"sameAs\":[\"https:\/\/www.facebook.com\/ecole601fr\",\"https:\/\/www.instagram.com\/ecole_601\/\",\"https:\/\/www.youtube.com\/channel\/UCAjAf3oKoKHEkzqqWbwgr5A\"]},{\"@type\":\"Person\",\"@id\":\"https:\/\/ecole601.com\/pt-br\/#\/schema\/person\/3fa5f8899a8ddd8bf606aca02ec4f2ee\",\"name\":\"Quentin\",\"image\":{\"@type\":\"ImageObject\",\"inLanguage\":\"pt-BR\",\"@id\":\"https:\/\/ecole601.com\/pt-br\/#\/schema\/person\/image\/\",\"url\":\"https:\/\/ecole601.com\/wp-content\/uploads\/2024\/03\/quentin_avatar-96x96.jpg\",\"contentUrl\":\"https:\/\/ecole601.com\/wp-content\/uploads\/2024\/03\/quentin_avatar-96x96.jpg\",\"caption\":\"Quentin\"},\"sameAs\":[\"https:\/\/ecole601.com\"],\"url\":\"https:\/\/ecole601.com\/pt-br\/author\/oberquentin\/\"}]}<\/script>\n<!-- \/ Yoast SEO plugin. -->","yoast_head_json":{"title":"Como conjugar 90% dos verbos em franc\u00eas - Ecole 601","robots":{"index":"index","follow":"follow","max-snippet":"max-snippet:-1","max-image-preview":"max-image-preview:large","max-video-preview":"max-video-preview:-1"},"canonical":"https:\/\/ecole601.com\/pt-br\/como-conjugar-90-dos-verbos-em-frances\/","og_locale":"pt_PT","og_type":"article","og_title":"Como conjugar 90% dos verbos em franc\u00eas - Ecole 601","og_description":"Sim, 90% dos verbos franceses... E se eu lhe dissesse que voc\u00ea poderia aprender a conjuga\u00e7\u00e3o desses verbos em menos de uma hora?","og_url":"https:\/\/ecole601.com\/pt-br\/como-conjugar-90-dos-verbos-em-frances\/","og_site_name":"Ecole 601","article_publisher":"https:\/\/www.facebook.com\/ecole601fr","article_published_time":"2022-09-27T00:54:44+00:00","article_modified_time":"2023-04-17T15:12:07+00:00","og_image":[{"width":1200,"height":628,"url":"https:\/\/d2kfx7qtx6eao3.cloudfront.net\/wp-content\/uploads\/2022\/09\/13134609\/Featured-image-90-dos-verbos-em-frances.png","type":"image\/png"}],"author":"Quentin","twitter_card":"summary_large_image","twitter_misc":{"Written by":"Quentin","Est. reading time":"3 minutes"},"schema":{"@context":"https:\/\/schema.org","@graph":[{"@type":"Article","@id":"https:\/\/ecole601.com\/pt-br\/como-conjugar-90-dos-verbos-em-frances\/#article","isPartOf":{"@id":"https:\/\/ecole601.com\/pt-br\/como-conjugar-90-dos-verbos-em-frances\/"},"author":{"name":"Quentin","@id":"https:\/\/ecole601.com\/pt-br\/#\/schema\/person\/3fa5f8899a8ddd8bf606aca02ec4f2ee"},"headline":"Como conjugar 90% dos verbos em franc\u00eas","datePublished":"2022-09-27T00:54:44+00:00","dateModified":"2023-04-17T15:12:07+00:00","mainEntityOfPage":{"@id":"https:\/\/ecole601.com\/pt-br\/como-conjugar-90-dos-verbos-em-frances\/"},"wordCount":363,"commentCount":0,"publisher":{"@id":"https:\/\/ecole601.com\/pt-br\/#organization"},"image":{"@id":"https:\/\/ecole601.com\/pt-br\/como-conjugar-90-dos-verbos-em-frances\/#primaryimage"},"thumbnailUrl":"https:\/\/ecole601.com\/wp-content\/uploads\/2022\/09\/Featured-image-90-dos-verbos-em-frances.png","articleSection":["Franc\u00eas iniciantes","Verbos Franc\u00eas"],"inLanguage":"pt-BR","potentialAction":[{"@type":"CommentAction","name":"Comment","target":["https:\/\/ecole601.com\/pt-br\/como-conjugar-90-dos-verbos-em-frances\/#respond"]}]},{"@type":"WebPage","@id":"https:\/\/ecole601.com\/pt-br\/como-conjugar-90-dos-verbos-em-frances\/","url":"https:\/\/ecole601.com\/pt-br\/como-conjugar-90-dos-verbos-em-frances\/","name":"Como conjugar 90% dos verbos em franc\u00eas - Ecole 601","isPartOf":{"@id":"https:\/\/ecole601.com\/pt-br\/#website"},"primaryImageOfPage":{"@id":"https:\/\/ecole601.com\/pt-br\/como-conjugar-90-dos-verbos-em-frances\/#primaryimage"},"image":{"@id":"https:\/\/ecole601.com\/pt-br\/como-conjugar-90-dos-verbos-em-frances\/#primaryimage"},"thumbnailUrl":"https:\/\/ecole601.com\/wp-content\/uploads\/2022\/09\/Featured-image-90-dos-verbos-em-frances.png","datePublished":"2022-09-27T00:54:44+00:00","dateModified":"2023-04-17T15:12:07+00:00","breadcrumb":{"@id":"https:\/\/ecole601.com\/pt-br\/como-conjugar-90-dos-verbos-em-frances\/#breadcrumb"},"inLanguage":"pt-BR","potentialAction":[{"@type":"ReadAction","target":["https:\/\/ecole601.com\/pt-br\/como-conjugar-90-dos-verbos-em-frances\/"]}]},{"@type":"ImageObject","inLanguage":"pt-BR","@id":"https:\/\/ecole601.com\/pt-br\/como-conjugar-90-dos-verbos-em-frances\/#primaryimage","url":"https:\/\/ecole601.com\/wp-content\/uploads\/2022\/09\/Featured-image-90-dos-verbos-em-frances.png","contentUrl":"https:\/\/ecole601.com\/wp-content\/uploads\/2022\/09\/Featured-image-90-dos-verbos-em-frances.png","width":1200,"height":628},{"@type":"BreadcrumbList","@id":"https:\/\/ecole601.com\/pt-br\/como-conjugar-90-dos-verbos-em-frances\/#breadcrumb","itemListElement":[{"@type":"ListItem","position":1,"name":"In\u00edcio","item":"https:\/\/ecole601.com\/pt-br\/home-page\/"},{"@type":"ListItem","position":2,"name":"Como conjugar 90% dos verbos em franc\u00eas"}]},{"@type":"WebSite","@id":"https:\/\/ecole601.com\/pt-br\/#website","url":"https:\/\/ecole601.com\/pt-br\/","name":"Ecole 601","description":"O franc\u00eas, com sucesso","publisher":{"@id":"https:\/\/ecole601.com\/pt-br\/#organization"},"potentialAction":[{"@type":"SearchAction","target":{"@type":"EntryPoint","urlTemplate":"https:\/\/ecole601.com\/pt-br\/?s={search_term_string}"},"query-input":{"@type":"PropertyValueSpecification","valueRequired":true,"valueName":"search_term_string"}}],"inLanguage":"pt-BR"},{"@type":"Organization","@id":"https:\/\/ecole601.com\/pt-br\/#organization","name":"Ecole 601","url":"https:\/\/ecole601.com\/pt-br\/","logo":{"@type":"ImageObject","inLanguage":"pt-BR","@id":"https:\/\/ecole601.com\/pt-br\/#\/schema\/logo\/image\/","url":"https:\/\/d2kfx7qtx6eao3.cloudfront.net\/wp-content\/uploads\/2022\/11\/02172437\/cropped-601-logo-500-1.png","contentUrl":"https:\/\/d2kfx7qtx6eao3.cloudfront.net\/wp-content\/uploads\/2022\/11\/02172437\/cropped-601-logo-500-1.png","width":512,"height":512,"caption":"Ecole 601"},"image":{"@id":"https:\/\/ecole601.com\/pt-br\/#\/schema\/logo\/image\/"},"sameAs":["https:\/\/www.facebook.com\/ecole601fr","https:\/\/www.instagram.com\/ecole_601\/","https:\/\/www.youtube.com\/channel\/UCAjAf3oKoKHEkzqqWbwgr5A"]},{"@type":"Person","@id":"https:\/\/ecole601.com\/pt-br\/#\/schema\/person\/3fa5f8899a8ddd8bf606aca02ec4f2ee","name":"Quentin","image":{"@type":"ImageObject","inLanguage":"pt-BR","@id":"https:\/\/ecole601.com\/pt-br\/#\/schema\/person\/image\/","url":"https:\/\/ecole601.com\/wp-content\/uploads\/2024\/03\/quentin_avatar-96x96.jpg","contentUrl":"https:\/\/ecole601.com\/wp-content\/uploads\/2024\/03\/quentin_avatar-96x96.jpg","caption":"Quentin"},"sameAs":["https:\/\/ecole601.com"],"url":"https:\/\/ecole601.com\/pt-br\/author\/oberquentin\/"}]}},"_links":{"self":[{"href":"https:\/\/ecole601.com\/pt-br\/wp-json\/wp\/v2\/posts\/3356","targetHints":{"allow":["GET"]}}],"collection":[{"href":"https:\/\/ecole601.com\/pt-br\/wp-json\/wp\/v2\/posts"}],"about":[{"href":"https:\/\/ecole601.com\/pt-br\/wp-json\/wp\/v2\/types\/post"}],"author":[{"embeddable":true,"href":"https:\/\/ecole601.com\/pt-br\/wp-json\/wp\/v2\/users\/1"}],"replies":[{"embeddable":true,"href":"https:\/\/ecole601.com\/pt-br\/wp-json\/wp\/v2\/comments?post=3356"}],"version-history":[{"count":2,"href":"https:\/\/ecole601.com\/pt-br\/wp-json\/wp\/v2\/posts\/3356\/revisions"}],"predecessor-version":[{"id":37453,"href":"https:\/\/ecole601.com\/pt-br\/wp-json\/wp\/v2\/posts\/3356\/revisions\/37453"}],"wp:featuredmedia":[{"embeddable":true,"href":"https:\/\/ecole601.com\/pt-br\/wp-json\/wp\/v2\/media\/3618"}],"wp:attachment":[{"href":"https:\/\/ecole601.com\/pt-br\/wp-json\/wp\/v2\/media?parent=3356"}],"wp:term":[{"taxonomy":"category","embeddable":true,"href":"https:\/\/ecole601.com\/pt-br\/wp-json\/wp\/v2\/categories?post=3356"},{"taxonomy":"post_tag","embeddable":true,"href":"https:\/\/ecole601.com\/pt-br\/wp-json\/wp\/v2\/tags?post=3356"}],"curies":[{"name":"wp","href":"https:\/\/api.w.org\/{rel}","templated":true}]}}