{"id":35021,"date":"2023-05-18T08:00:25","date_gmt":"2023-05-18T11:00:25","guid":{"rendered":"https:\/\/ecole601.com\/?p=35021"},"modified":"2023-06-15T12:17:31","modified_gmt":"2023-06-15T15:17:31","slug":"utiliser-etre-ou-avoir-avec-le-passe-compose","status":"publish","type":"post","link":"https:\/\/ecole601.com\/pt-br\/utiliser-etre-ou-avoir-avec-le-passe-compose\/","title":{"rendered":"Usar &#8220;\u00eatre&#8221; ou &#8220;avoir&#8221; com o pass\u00e9 compos\u00e9?"},"content":{"rendered":"\n<p>Voc\u00ea ainda est\u00e1 tendo problemas para decidir se deve usar &#8220;\u00eatre&#8221; ou &#8220;avoir&#8221; no pass\u00e9 compos\u00e9? N\u00f3s lhe daremos todas as dicas necess\u00e1rias para que voc\u00ea n\u00e3o tenha d\u00favidas!<\/p>\n\n\n\n<h1 class=\"wp-block-heading\"><strong>Un peu de lecture pour commencer <\/strong><\/h1>\n\n\n\n<p class=\"cute-text\">J\u2019ai invit\u00e9 les copains \u00e0 venir \u00e0 la maison cet apr\u00e8s-midi pour jouer aux cow-boys. Ils sont arriv\u00e9s avec toutes leurs affaires. Rufus avait mis la panoplie d\u2019agent de police que lui avait offerte son papa avec le k\u00e9pi, les menottes, le revolver, le b\u00e2ton blanc et le sifflet \u00e0 roulette; Eudes portait le vieux chapeau boy-scout de son grand fr\u00e8re et un ceinturon avec des tas de cartouches en bois [&#8230;].<br><br>[&#8230;] Eudes s\u2019est f\u00e2ch\u00e9, il a dit que le cheval blanc c\u2019\u00e9tait lui et que si \u00e7a ne me plaisait pas il me donnerait un autre coup de poing sur le nez. \u00ab Essaie ! \u00bb j\u2019ai dit et il a r\u00e9ussi. \u00abBouge pas, Oklahoma Kid ! \u00bb criait Geoffroy et il tirait des coups de revolver partout; Rufus, lui, donnait du sifflet \u00e0 roulette et il disait : \u00ab Ouais, je suis le sh\u00e9rif, ouais, je vous arr\u00eate tous ! \u00bb<\/p>\n\n\n\n<h4 class=\"wp-block-heading\">Notes de vocabulaire pour t&#8217;aider :<\/h4>\n\n\n\n<ul class=\"wp-block-list\">\n<li><strong><strong>Les affaires<\/strong> <\/strong>: objetos pessoais,&nbsp;pertences \/\/  neg\u00f3cios<\/li>\n\n\n\n<li><strong>Les menottes <\/strong>: algemas<\/li>\n\n\n\n<li><strong>Le sifflet<\/strong> : assobio,&nbsp;assobiadela<\/li>\n\n\n\n<li><strong>Se f\u00e2cher<\/strong> : zangar-se<\/li>\n\n\n\n<li><strong>Partout <\/strong>: Em todo lugar, por toda a parte<\/li>\n<\/ul>\n\n\n\n<p>Est-ce que tu sais retrouver les verbes au pass\u00e9 compos\u00e9 ? <\/p>\n\n\n\n\n\n<div class=\"wp-block-fluent-crm-conditional-content\"><div class=\"fc-cond-blocks\">\n<p class=\"has-text-align-center\"><strong>Fa\u00e7a login gratuitamente para fazer os <a href=\"https:\/\/ecole601.com\/login\/\">exerc\u00edcios aqui.<\/a><\/strong><\/p>\n\n\n\n<figure class=\"wp-block-image size-large blurred\"><img decoding=\"async\" width=\"1024\" height=\"397\" src=\"https:\/\/ecole601.com\/wp-content\/uploads\/2023\/05\/retrouve-la-passe-compose-1-1024x397.jpg\" alt=\"\" class=\"wp-image-35028\" srcset=\"https:\/\/ecole601.com\/wp-content\/uploads\/2023\/05\/retrouve-la-passe-compose-1-1024x397.jpg 1024w, https:\/\/ecole601.com\/wp-content\/uploads\/2023\/05\/retrouve-la-passe-compose-1-600x233.jpg 600w, https:\/\/ecole601.com\/wp-content\/uploads\/2023\/05\/retrouve-la-passe-compose-1-300x116.jpg 300w, https:\/\/ecole601.com\/wp-content\/uploads\/2023\/05\/retrouve-la-passe-compose-1-768x298.jpg 768w, https:\/\/ecole601.com\/wp-content\/uploads\/2023\/05\/retrouve-la-passe-compose-1-624x242.jpg 624w, https:\/\/ecole601.com\/wp-content\/uploads\/2023\/05\/retrouve-la-passe-compose-1-80x31.jpg 80w, https:\/\/ecole601.com\/wp-content\/uploads\/2023\/05\/retrouve-la-passe-compose-1-100x39.jpg 100w, https:\/\/ecole601.com\/wp-content\/uploads\/2023\/05\/retrouve-la-passe-compose-1.jpg 1216w\" sizes=\"(max-width: 1024px) 100vw, 1024px\" \/><\/figure>\n<\/div><\/div>\n\n\n<style>.wp-block-kadence-spacer.kt-block-spacer-_eea1d1-f2 .kt-block-spacer{height:60px;}.wp-block-kadence-spacer.kt-block-spacer-_eea1d1-f2 .kt-divider{border-top-width:1px;height:1px;border-top-color:#eee;width:80%;border-top-style:solid;}<\/style>\n<div class=\"wp-block-kadence-spacer aligncenter kt-block-spacer-_eea1d1-f2\"><div class=\"kt-block-spacer kt-block-spacer-halign-center\"><hr class=\"kt-divider\"\/><\/div><\/div>\n\n\n\n<h1 class=\"wp-block-heading\"><strong>La construction du pass\u00e9 compos\u00e9<\/strong><\/h1>\n\n\n\n<p>Pour rappel : o pass\u00e9 compos\u00e9 \u00e9 composto por um auxiliar (un auxiliaire qui est &#8220;\u00eatre&#8221; ou &#8220;avoir&#8221;) e um verbo de forma especial chamado &#8220;le participe pass\u00e9&#8221; (partic\u00edpio do passado). <\/p>\n\n\n\n<p>Mas como sabemos se \u00e9 com o auxiliar &#8220;\u00eatre&#8221; ou &#8220;avoir&#8221; ?  Dica: quando n\u00e3o souber, use &#8220;avoir&#8221;.<\/p>\n\n\n\n<p>Une grande majorit\u00e9 des verbes fran\u00e7ais se conjuguent avec l\u2019auxiliaire AVOIR aux temps compos\u00e9s. SAUF: une liste de 14 verbes principaux que tu dois apprendre par c\u0153ur.<\/p>\n\n\n\n<p>Pour les retenir plus facilement:<\/p>\n\n\n\n<figure class=\"wp-block-image size-full\"><img decoding=\"async\" width=\"835\" height=\"372\" src=\"https:\/\/ecole601.com\/wp-content\/uploads\/2023\/03\/Verbes-avec-auxiliaire-etre.jpg\" alt=\"\" class=\"wp-image-25690\" srcset=\"https:\/\/ecole601.com\/wp-content\/uploads\/2023\/03\/Verbes-avec-auxiliaire-etre.jpg 835w, https:\/\/ecole601.com\/wp-content\/uploads\/2023\/03\/Verbes-avec-auxiliaire-etre-600x267.jpg 600w, https:\/\/ecole601.com\/wp-content\/uploads\/2023\/03\/Verbes-avec-auxiliaire-etre-300x134.jpg 300w, https:\/\/ecole601.com\/wp-content\/uploads\/2023\/03\/Verbes-avec-auxiliaire-etre-768x342.jpg 768w, https:\/\/ecole601.com\/wp-content\/uploads\/2023\/03\/Verbes-avec-auxiliaire-etre-624x278.jpg 624w, https:\/\/ecole601.com\/wp-content\/uploads\/2023\/03\/Verbes-avec-auxiliaire-etre-80x36.jpg 80w, https:\/\/ecole601.com\/wp-content\/uploads\/2023\/03\/Verbes-avec-auxiliaire-etre-100x45.jpg 100w\" sizes=\"(max-width: 835px) 100vw, 835px\" \/><\/figure>\n\n\n<style>.wp-block-kadence-spacer.kt-block-spacer-_e1439f-e9 .kt-block-spacer{height:60px;}.wp-block-kadence-spacer.kt-block-spacer-_e1439f-e9 .kt-divider{border-top-width:1px;height:1px;border-top-color:#eee;width:80%;border-top-style:solid;}<\/style>\n<div class=\"wp-block-kadence-spacer aligncenter kt-block-spacer-_e1439f-e9\"><div class=\"kt-block-spacer kt-block-spacer-halign-center\"><hr class=\"kt-divider\"\/><\/div><\/div>\n\n\n<style>.wp-block-kadence-advancedheading.kt-adv-heading_beec3b-28, .wp-block-kadence-advancedheading.kt-adv-heading_beec3b-28[data-kb-block=\"kb-adv-heading_beec3b-28\"]{font-style:normal;}.wp-block-kadence-advancedheading.kt-adv-heading_beec3b-28 mark.kt-highlight, .wp-block-kadence-advancedheading.kt-adv-heading_beec3b-28[data-kb-block=\"kb-adv-heading_beec3b-28\"] mark.kt-highlight{font-style:normal;color:#f76a0c;-webkit-box-decoration-break:clone;box-decoration-break:clone;padding-top:0px;padding-right:0px;padding-bottom:0px;padding-left:0px;}<\/style>\n<h3 class=\"kt-adv-heading_beec3b-28 wp-block-kadence-advancedheading\" data-kb-block=\"kb-adv-heading_beec3b-28\">Liste des verbes avec &#8220;\u00eatre&#8221;<\/h3>\n\n\n\n<ul class=\"wp-block-list\">\n<li><strong>na\u00eetre \u2013 mourir<\/strong> (nascer &#8211; morrer)<\/li>\n\n\n\n<li><strong>aller \u2013 venir<\/strong> (ir -vir)<\/li>\n\n\n\n<li><strong>arriver \u2013 partir<\/strong> (chegar &#8211; partir)<\/li>\n\n\n\n<li><strong>entrer \u2013 sortir<\/strong> (entrar &#8211; sair)<\/li>\n\n\n\n<li><strong>monter \u2013 descendre<\/strong> (subir &#8211; descer)<\/li>\n\n\n\n<li><strong>rester \u2013 passer<\/strong> (ficar &#8211; passar)<\/li>\n\n\n\n<li><strong>tomber<\/strong> (cair)<\/li>\n\n\n\n<li><strong>retourner<\/strong> (retornar)<\/li>\n<\/ul>\n\n\n<style>.wp-block-kadence-advancedheading.kt-adv-heading_96ab3f-07, .wp-block-kadence-advancedheading.kt-adv-heading_96ab3f-07[data-kb-block=\"kb-adv-heading_96ab3f-07\"]{font-style:normal;}.wp-block-kadence-advancedheading.kt-adv-heading_96ab3f-07 mark.kt-highlight, .wp-block-kadence-advancedheading.kt-adv-heading_96ab3f-07[data-kb-block=\"kb-adv-heading_96ab3f-07\"] mark.kt-highlight{font-style:normal;color:#f76a0c;-webkit-box-decoration-break:clone;box-decoration-break:clone;padding-top:0px;padding-right:0px;padding-bottom:0px;padding-left:0px;}<\/style>\n<h4 class=\"kt-adv-heading_96ab3f-07 wp-block-kadence-advancedheading\" data-kb-block=\"kb-adv-heading_96ab3f-07\"><strong>Les verbes de la m\u00eame famille :<\/strong><\/h4>\n\n\n\n<p>Verbos da mesma fam\u00edlia, ou seja, verbos compostos dos mesmos verbos, s\u00e3o conjugados da mesma maneira e usados com o mesmo auxiliar. Par exemple :<\/p>\n\n\n\n<ul class=\"wp-block-list\">\n<li>Venir &gt; revenir, parvenir, devenir&#8230;<\/li>\n\n\n\n<li>Entrer &gt; rentrer<\/li>\n\n\n\n<li>Monter &gt; surmonter<\/li>\n<\/ul>\n\n\n\n<h2 class=\"wp-block-heading\"><strong>Les participes pass\u00e9s plus compliqu\u00e9s :<\/strong><\/h2>\n\n\n\n<p><strong>Na\u00eetre<\/strong> &gt; Je suis <strong>n\u00e9<\/strong><br><strong>Mourir <\/strong>&gt; Il est <strong>mort<\/strong> en 1993<br><strong>Venir<\/strong> &gt; Elle est <strong>venu<\/strong> chez moi<br><strong>Partir<\/strong> &gt; On est <strong>partis<\/strong> hier<br><strong>Sortir<\/strong> &gt; Tu es <strong>sorti<\/strong> tard<br><strong>Descendre<\/strong> &gt; Nous <strong>sommes<\/strong> descendus<\/p>\n\n\n\n<p class=\"note-highlight\">Aten\u00e7\u00e3o: com o auxiliar &#8220;ser&#8221; voc\u00ea sempre concorda com o verbo &#8220;ter&#8221; (veremos os acordos com o auxiliar &#8220;ter&#8221; na pr\u00f3xima li\u00e7\u00e3o). <br><br><span style=\"text-decoration: underline;\">Par exemple :<br><\/span>&#8211; Elle <strong>est tomb\u00e9<span style=\"text-decoration: underline;\">e<\/span> <\/strong>de sa chaise<br>&#8211; Elles sont arriv\u00e9<strong>es<\/strong> \u00e0 destination.<br>&#8211; Nous sommes parti<strong>s<\/strong> en Suisse<\/p>\n\n\n\n<p>C&#8217;est simple non ? Maintenant, entra\u00eene-toi ! <\/p>\n\n\n\n\n\n<div class=\"wp-block-fluent-crm-conditional-content\"><div class=\"fc-cond-blocks\">\n<p class=\"has-text-align-center\"><strong>Fa\u00e7a login gratuitamente para fazer os <a href=\"https:\/\/ecole601.com\/login\/\">exerc\u00edcios aqui.<\/a><\/strong><\/p>\n\n\n\n<figure class=\"wp-block-image size-large blurred\"><img decoding=\"async\" width=\"1024\" height=\"493\" src=\"https:\/\/ecole601.com\/wp-content\/uploads\/2023\/05\/etre-ou-avoir-le-passe-compose-1-1024x493.jpg\" alt=\"\" class=\"wp-image-35030\" srcset=\"https:\/\/ecole601.com\/wp-content\/uploads\/2023\/05\/etre-ou-avoir-le-passe-compose-1-1024x493.jpg 1024w, https:\/\/ecole601.com\/wp-content\/uploads\/2023\/05\/etre-ou-avoir-le-passe-compose-1-600x289.jpg 600w, https:\/\/ecole601.com\/wp-content\/uploads\/2023\/05\/etre-ou-avoir-le-passe-compose-1-300x144.jpg 300w, https:\/\/ecole601.com\/wp-content\/uploads\/2023\/05\/etre-ou-avoir-le-passe-compose-1-768x370.jpg 768w, https:\/\/ecole601.com\/wp-content\/uploads\/2023\/05\/etre-ou-avoir-le-passe-compose-1-624x300.jpg 624w, https:\/\/ecole601.com\/wp-content\/uploads\/2023\/05\/etre-ou-avoir-le-passe-compose-1-80x38.jpg 80w, https:\/\/ecole601.com\/wp-content\/uploads\/2023\/05\/etre-ou-avoir-le-passe-compose-1-100x48.jpg 100w, https:\/\/ecole601.com\/wp-content\/uploads\/2023\/05\/etre-ou-avoir-le-passe-compose-1.jpg 1222w\" sizes=\"(max-width: 1024px) 100vw, 1024px\" \/><\/figure>\n<\/div><\/div>\n\n\n\n<h3 class=\"wp-block-heading\"><br><\/h3>\n\n\n<style>.wp-block-kadence-advancedheading.kt-adv-heading_9d049e-57, .wp-block-kadence-advancedheading.kt-adv-heading_9d049e-57[data-kb-block=\"kb-adv-heading_9d049e-57\"]{font-style:normal;}.wp-block-kadence-advancedheading.kt-adv-heading_9d049e-57 mark.kt-highlight, .wp-block-kadence-advancedheading.kt-adv-heading_9d049e-57[data-kb-block=\"kb-adv-heading_9d049e-57\"] mark.kt-highlight{font-style:normal;color:#f76a0c;-webkit-box-decoration-break:clone;box-decoration-break:clone;padding-top:0px;padding-right:0px;padding-bottom:0px;padding-left:0px;}<\/style>\n<h1 class=\"kt-adv-heading_9d049e-57 wp-block-kadence-advancedheading\" data-kb-block=\"kb-adv-heading_9d049e-57\"><strong>Les cas des verbes pronominaux<\/strong><\/h1>\n\n\n\n<p>Rappelle-toi des verbes pronominaux : ils se conjuguent avec un pronom r\u00e9fl\u00e9chi de la m\u00eame personne que le sujet. Les pronoms r\u00e9fl\u00e9chis sont me, te, se, nous et vous.<br><\/p>\n\n\n\n<p class=\"has-text-align-center\"><strong> VERBE PRONOMIMAUX = UTILISE TOUJOURS &#8220;\u00caTRE&#8221;<\/strong><\/p>\n\n\n\n<p><span style=\"text-decoration: underline;\">Exemples :<\/span><\/p>\n\n\n\n<ul class=\"wp-block-list\">\n<li>Je me <strong>suis lev\u00e9<\/strong> tr\u00e8s t\u00f4t ce matin.<\/li>\n\n\n\n<li>Nous <strong>nous sommes<\/strong> <strong>\u00e9tonn\u00e9s<\/strong> de sa vitesse.<\/li>\n\n\n\n<li>Elles se <strong>sont rappel\u00e9es<\/strong> de leur enfance.<\/li>\n<\/ul>\n\n\n\n<h2 class=\"wp-block-heading\">La n\u00e9gation avec les verbes pronominaux:<\/h2>\n\n\n\n<p>Lembra que para uma frase do pass\u00e9 compos\u00e9, a nega\u00e7\u00e3o &#8220;ne&#8230;pas&#8221; \u00e9 colocada antes e depois do verbo auxiliar conjugado (no &#8220;sandu\u00edche&#8221;). Aten\u00e7\u00e3o \u00e9 o auxiliar (\u00eatre ou avoir) que \u00e9 importante aqui (que \u00e9 o que est\u00e1 no sandu\u00edche) e n\u00e3o o verbo partic\u00edpio passado!<\/p>\n\n\n\n<p>Mantemos esta mesma regra para os verbos pronominais, mas no sandu\u00edche acrescentaremos uma camada: o pronome reflexivo.<\/p>\n\n\n\n<p><span style=\"text-decoration: underline;\">Exemples :<\/span><\/p>\n\n\n\n<ul class=\"wp-block-list\">\n<li>Je <strong>ne <mark style=\"background-color:rgba(0, 0, 0, 0)\" class=\"has-inline-color has-kb-palette-10-color\">me<\/mark> suis pas<\/strong> bross\u00e9 les dents ce matin.<\/li>\n\n\n\n<li>Nous <strong>ne<\/strong> <strong><mark style=\"background-color:rgba(0, 0, 0, 0)\" class=\"has-inline-color has-kb-palette-10-color\">nous<\/mark> sommes<\/strong> <strong>pas<\/strong> \u00e9tonn\u00e9s de sa vitesse.<\/li>\n\n\n\n<li>Elle <strong>ne <mark style=\"background-color:rgba(0, 0, 0, 0)\" class=\"has-inline-color has-vivid-red-color\">s&#8217;<\/mark>est pas<\/strong> rappel\u00e9e de moi.<br><\/li>\n<\/ul>\n\n\n\n<p>Agora termine esta li\u00e7\u00e3o com um quiz para validar seus conhecimentos!<\/p>\n\n\n\n\n\n<div class=\"wp-block-fluent-crm-conditional-content\"><div class=\"fc-cond-blocks\">\n<p class=\"has-text-align-center\"><strong>Fa\u00e7a login gratuitamente para fazer os <a href=\"https:\/\/ecole601.com\/login\/\">exerc\u00edcios aqui.<\/a><\/strong><\/p>\n\n\n\n<figure class=\"wp-block-image size-large blurred\"><img decoding=\"async\" width=\"1024\" height=\"453\" src=\"https:\/\/ecole601.com\/wp-content\/uploads\/2023\/05\/etre-ou-avoir-le-passe-compose-exercices-1-1024x453.jpg\" alt=\"\" class=\"wp-image-35032\" srcset=\"https:\/\/ecole601.com\/wp-content\/uploads\/2023\/05\/etre-ou-avoir-le-passe-compose-exercices-1-1024x453.jpg 1024w, https:\/\/ecole601.com\/wp-content\/uploads\/2023\/05\/etre-ou-avoir-le-passe-compose-exercices-1-600x265.jpg 600w, https:\/\/ecole601.com\/wp-content\/uploads\/2023\/05\/etre-ou-avoir-le-passe-compose-exercices-1-300x133.jpg 300w, https:\/\/ecole601.com\/wp-content\/uploads\/2023\/05\/etre-ou-avoir-le-passe-compose-exercices-1-768x340.jpg 768w, https:\/\/ecole601.com\/wp-content\/uploads\/2023\/05\/etre-ou-avoir-le-passe-compose-exercices-1-624x276.jpg 624w, https:\/\/ecole601.com\/wp-content\/uploads\/2023\/05\/etre-ou-avoir-le-passe-compose-exercices-1-80x35.jpg 80w, https:\/\/ecole601.com\/wp-content\/uploads\/2023\/05\/etre-ou-avoir-le-passe-compose-exercices-1-100x44.jpg 100w, https:\/\/ecole601.com\/wp-content\/uploads\/2023\/05\/etre-ou-avoir-le-passe-compose-exercices-1.jpg 1217w\" sizes=\"(max-width: 1024px) 100vw, 1024px\" \/><\/figure>\n<\/div><\/div>\n","protected":false},"excerpt":{"rendered":"<p>Voc\u00ea ainda est\u00e1 tendo problemas para decidir se deve usar &#8220;\u00eatre&#8221; ou &#8220;avoir&#8221; no pass\u00e9 compos\u00e9? N\u00f3s lhe daremos todas as dicas necess\u00e1rias para que voc\u00ea n\u00e3o tenha d\u00favidas! Un peu de lecture pour commencer J\u2019ai invit\u00e9 les copains \u00e0 venir \u00e0 la maison cet apr\u00e8s-midi pour jouer aux cow-boys. Ils sont arriv\u00e9s avec toutes [&hellip;]<\/p>\n","protected":false},"author":1,"featured_media":35024,"comment_status":"open","ping_status":"open","sticky":false,"template":"","format":"standard","meta":{"site-sidebar-layout":"default","site-content-layout":"","ast-site-content-layout":"default","site-content-style":"default","site-sidebar-style":"default","ast-global-header-display":"","ast-banner-title-visibility":"","ast-main-header-display":"","ast-hfb-above-header-display":"","ast-hfb-below-header-display":"","ast-hfb-mobile-header-display":"","site-post-title":"","ast-breadcrumbs-content":"","ast-featured-img":"","footer-sml-layout":"","theme-transparent-header-meta":"","adv-header-id-meta":"","stick-header-meta":"","header-above-stick-meta":"","header-main-stick-meta":"","header-below-stick-meta":"","astra-migrate-meta-layouts":"default","ast-page-background-enabled":"default","ast-page-background-meta":{"desktop":{"background-color":"","background-image":"","background-repeat":"repeat","background-position":"center center","background-size":"auto","background-attachment":"scroll","background-type":"","background-media":"","overlay-type":"","overlay-color":"","overlay-opacity":"","overlay-gradient":""},"tablet":{"background-color":"","background-image":"","background-repeat":"repeat","background-position":"center center","background-size":"auto","background-attachment":"scroll","background-type":"","background-media":"","overlay-type":"","overlay-color":"","overlay-opacity":"","overlay-gradient":""},"mobile":{"background-color":"","background-image":"","background-repeat":"repeat","background-position":"center center","background-size":"auto","background-attachment":"scroll","background-type":"","background-media":"","overlay-type":"","overlay-color":"","overlay-opacity":"","overlay-gradient":""}},"ast-content-background-meta":{"desktop":{"background-color":"var(--ast-global-color-5)","background-image":"","background-repeat":"repeat","background-position":"center center","background-size":"auto","background-attachment":"scroll","background-type":"","background-media":"","overlay-type":"","overlay-color":"","overlay-opacity":"","overlay-gradient":""},"tablet":{"background-color":"var(--ast-global-color-5)","background-image":"","background-repeat":"repeat","background-position":"center center","background-size":"auto","background-attachment":"scroll","background-type":"","background-media":"","overlay-type":"","overlay-color":"","overlay-opacity":"","overlay-gradient":""},"mobile":{"background-color":"var(--ast-global-color-5)","background-image":"","background-repeat":"repeat","background-position":"center center","background-size":"auto","background-attachment":"scroll","background-type":"","background-media":"","overlay-type":"","overlay-color":"","overlay-opacity":"","overlay-gradient":""}},"footnotes":""},"categories":[91,171,96,92],"tags":[],"class_list":["post-35021","post","type-post","status-publish","format-standard","has-post-thumbnail","hentry","category-frances-iniciantes","category-frances-intermediario","category-gramatica","category-verbos-frances"],"yoast_head":"<!-- This site is optimized with the Yoast SEO plugin v24.0 - https:\/\/yoast.com\/wordpress\/plugins\/seo\/ -->\n<title>Usar &quot;\u00eatre&quot; ou &quot;avoir&quot; com o pass\u00e9 compos\u00e9?<\/title>\n<meta name=\"description\" content=\"Voc\u00ea ainda est\u00e1 tendo problemas para decidir se deve usar &quot;\u00eatre&quot; ou &quot;avoir&quot; ? As dicas necess\u00e1rias para que voc\u00ea n\u00e3o tenha d\u00favidas!\" \/>\n<meta name=\"robots\" content=\"index, follow, max-snippet:-1, max-image-preview:large, max-video-preview:-1\" \/>\n<link rel=\"canonical\" href=\"https:\/\/ecole601.com\/pt-br\/utiliser-etre-ou-avoir-avec-le-passe-compose\/\" \/>\n<meta property=\"og:locale\" content=\"pt_PT\" \/>\n<meta property=\"og:type\" content=\"article\" \/>\n<meta property=\"og:title\" content=\"Usar &quot;\u00eatre&quot; ou &quot;avoir&quot; com o pass\u00e9 compos\u00e9?\" \/>\n<meta property=\"og:description\" content=\"Voc\u00ea ainda est\u00e1 tendo problemas para decidir se deve usar &quot;\u00eatre&quot; ou &quot;avoir&quot; ? As dicas necess\u00e1rias para que voc\u00ea n\u00e3o tenha d\u00favidas!\" \/>\n<meta property=\"og:url\" content=\"https:\/\/ecole601.com\/pt-br\/utiliser-etre-ou-avoir-avec-le-passe-compose\/\" \/>\n<meta property=\"og:site_name\" content=\"Ecole 601\" \/>\n<meta property=\"article:publisher\" content=\"https:\/\/www.facebook.com\/ecole601fr\" \/>\n<meta property=\"article:published_time\" content=\"2023-05-18T11:00:25+00:00\" \/>\n<meta property=\"article:modified_time\" content=\"2023-06-15T15:17:31+00:00\" \/>\n<meta property=\"og:image\" content=\"https:\/\/d2kfx7qtx6eao3.cloudfront.net\/wp-content\/uploads\/2023\/05\/18075203\/etre-ou-avoir-avec-le-passe-compose-1.png\" \/>\n\t<meta property=\"og:image:width\" content=\"1200\" \/>\n\t<meta property=\"og:image:height\" content=\"628\" \/>\n\t<meta property=\"og:image:type\" content=\"image\/png\" \/>\n<meta name=\"author\" content=\"Quentin\" \/>\n<meta name=\"twitter:card\" content=\"summary_large_image\" \/>\n<meta name=\"twitter:label1\" content=\"Written by\" \/>\n\t<meta name=\"twitter:data1\" content=\"Quentin\" \/>\n\t<meta name=\"twitter:label2\" content=\"Est. reading time\" \/>\n\t<meta name=\"twitter:data2\" content=\"5 minutes\" \/>\n<script type=\"application\/ld+json\" class=\"yoast-schema-graph\">{\"@context\":\"https:\/\/schema.org\",\"@graph\":[{\"@type\":\"Article\",\"@id\":\"https:\/\/ecole601.com\/pt-br\/utiliser-etre-ou-avoir-avec-le-passe-compose\/#article\",\"isPartOf\":{\"@id\":\"https:\/\/ecole601.com\/pt-br\/utiliser-etre-ou-avoir-avec-le-passe-compose\/\"},\"author\":{\"name\":\"Quentin\",\"@id\":\"https:\/\/ecole601.com\/pt-br\/#\/schema\/person\/3fa5f8899a8ddd8bf606aca02ec4f2ee\"},\"headline\":\"Usar &#8220;\u00eatre&#8221; ou &#8220;avoir&#8221; com o pass\u00e9 compos\u00e9?\",\"datePublished\":\"2023-05-18T11:00:25+00:00\",\"dateModified\":\"2023-06-15T15:17:31+00:00\",\"mainEntityOfPage\":{\"@id\":\"https:\/\/ecole601.com\/pt-br\/utiliser-etre-ou-avoir-avec-le-passe-compose\/\"},\"wordCount\":702,\"commentCount\":0,\"publisher\":{\"@id\":\"https:\/\/ecole601.com\/pt-br\/#organization\"},\"image\":{\"@id\":\"https:\/\/ecole601.com\/pt-br\/utiliser-etre-ou-avoir-avec-le-passe-compose\/#primaryimage\"},\"thumbnailUrl\":\"https:\/\/ecole601.com\/wp-content\/uploads\/2023\/05\/etre-ou-avoir-avec-le-passe-compose-1.png\",\"articleSection\":[\"Franc\u00eas iniciantes\",\"Franc\u00eas Intermedi\u00e1rio\",\"Gram\u00e1tica\",\"Verbos Franc\u00eas\"],\"inLanguage\":\"pt-BR\",\"potentialAction\":[{\"@type\":\"CommentAction\",\"name\":\"Comment\",\"target\":[\"https:\/\/ecole601.com\/pt-br\/utiliser-etre-ou-avoir-avec-le-passe-compose\/#respond\"]}]},{\"@type\":\"WebPage\",\"@id\":\"https:\/\/ecole601.com\/pt-br\/utiliser-etre-ou-avoir-avec-le-passe-compose\/\",\"url\":\"https:\/\/ecole601.com\/pt-br\/utiliser-etre-ou-avoir-avec-le-passe-compose\/\",\"name\":\"Usar \\\"\u00eatre\\\" ou \\\"avoir\\\" com o pass\u00e9 compos\u00e9?\",\"isPartOf\":{\"@id\":\"https:\/\/ecole601.com\/pt-br\/#website\"},\"primaryImageOfPage\":{\"@id\":\"https:\/\/ecole601.com\/pt-br\/utiliser-etre-ou-avoir-avec-le-passe-compose\/#primaryimage\"},\"image\":{\"@id\":\"https:\/\/ecole601.com\/pt-br\/utiliser-etre-ou-avoir-avec-le-passe-compose\/#primaryimage\"},\"thumbnailUrl\":\"https:\/\/ecole601.com\/wp-content\/uploads\/2023\/05\/etre-ou-avoir-avec-le-passe-compose-1.png\",\"datePublished\":\"2023-05-18T11:00:25+00:00\",\"dateModified\":\"2023-06-15T15:17:31+00:00\",\"description\":\"Voc\u00ea ainda est\u00e1 tendo problemas para decidir se deve usar \\\"\u00eatre\\\" ou \\\"avoir\\\" ? As dicas necess\u00e1rias para que voc\u00ea n\u00e3o tenha d\u00favidas!\",\"breadcrumb\":{\"@id\":\"https:\/\/ecole601.com\/pt-br\/utiliser-etre-ou-avoir-avec-le-passe-compose\/#breadcrumb\"},\"inLanguage\":\"pt-BR\",\"potentialAction\":[{\"@type\":\"ReadAction\",\"target\":[\"https:\/\/ecole601.com\/pt-br\/utiliser-etre-ou-avoir-avec-le-passe-compose\/\"]}]},{\"@type\":\"ImageObject\",\"inLanguage\":\"pt-BR\",\"@id\":\"https:\/\/ecole601.com\/pt-br\/utiliser-etre-ou-avoir-avec-le-passe-compose\/#primaryimage\",\"url\":\"https:\/\/ecole601.com\/wp-content\/uploads\/2023\/05\/etre-ou-avoir-avec-le-passe-compose-1.png\",\"contentUrl\":\"https:\/\/ecole601.com\/wp-content\/uploads\/2023\/05\/etre-ou-avoir-avec-le-passe-compose-1.png\",\"width\":1200,\"height\":628},{\"@type\":\"BreadcrumbList\",\"@id\":\"https:\/\/ecole601.com\/pt-br\/utiliser-etre-ou-avoir-avec-le-passe-compose\/#breadcrumb\",\"itemListElement\":[{\"@type\":\"ListItem\",\"position\":1,\"name\":\"In\u00edcio\",\"item\":\"https:\/\/ecole601.com\/pt-br\/home-page\/\"},{\"@type\":\"ListItem\",\"position\":2,\"name\":\"Usar &#8220;\u00eatre&#8221; ou &#8220;avoir&#8221; com o pass\u00e9 compos\u00e9?\"}]},{\"@type\":\"WebSite\",\"@id\":\"https:\/\/ecole601.com\/pt-br\/#website\",\"url\":\"https:\/\/ecole601.com\/pt-br\/\",\"name\":\"Ecole 601\",\"description\":\"O franc\u00eas, com sucesso\",\"publisher\":{\"@id\":\"https:\/\/ecole601.com\/pt-br\/#organization\"},\"potentialAction\":[{\"@type\":\"SearchAction\",\"target\":{\"@type\":\"EntryPoint\",\"urlTemplate\":\"https:\/\/ecole601.com\/pt-br\/?s={search_term_string}\"},\"query-input\":{\"@type\":\"PropertyValueSpecification\",\"valueRequired\":true,\"valueName\":\"search_term_string\"}}],\"inLanguage\":\"pt-BR\"},{\"@type\":\"Organization\",\"@id\":\"https:\/\/ecole601.com\/pt-br\/#organization\",\"name\":\"Ecole 601\",\"url\":\"https:\/\/ecole601.com\/pt-br\/\",\"logo\":{\"@type\":\"ImageObject\",\"inLanguage\":\"pt-BR\",\"@id\":\"https:\/\/ecole601.com\/pt-br\/#\/schema\/logo\/image\/\",\"url\":\"https:\/\/d2kfx7qtx6eao3.cloudfront.net\/wp-content\/uploads\/2022\/11\/02172437\/cropped-601-logo-500-1.png\",\"contentUrl\":\"https:\/\/d2kfx7qtx6eao3.cloudfront.net\/wp-content\/uploads\/2022\/11\/02172437\/cropped-601-logo-500-1.png\",\"width\":512,\"height\":512,\"caption\":\"Ecole 601\"},\"image\":{\"@id\":\"https:\/\/ecole601.com\/pt-br\/#\/schema\/logo\/image\/\"},\"sameAs\":[\"https:\/\/www.facebook.com\/ecole601fr\",\"https:\/\/www.instagram.com\/ecole_601\/\",\"https:\/\/www.youtube.com\/channel\/UCAjAf3oKoKHEkzqqWbwgr5A\"]},{\"@type\":\"Person\",\"@id\":\"https:\/\/ecole601.com\/pt-br\/#\/schema\/person\/3fa5f8899a8ddd8bf606aca02ec4f2ee\",\"name\":\"Quentin\",\"image\":{\"@type\":\"ImageObject\",\"inLanguage\":\"pt-BR\",\"@id\":\"https:\/\/ecole601.com\/pt-br\/#\/schema\/person\/image\/\",\"url\":\"https:\/\/ecole601.com\/wp-content\/uploads\/2024\/03\/quentin_avatar-96x96.jpg\",\"contentUrl\":\"https:\/\/ecole601.com\/wp-content\/uploads\/2024\/03\/quentin_avatar-96x96.jpg\",\"caption\":\"Quentin\"},\"sameAs\":[\"https:\/\/ecole601.com\"],\"url\":\"https:\/\/ecole601.com\/pt-br\/author\/oberquentin\/\"}]}<\/script>\n<!-- \/ Yoast SEO plugin. -->","yoast_head_json":{"title":"Usar \"\u00eatre\" ou \"avoir\" com o pass\u00e9 compos\u00e9?","description":"Voc\u00ea ainda est\u00e1 tendo problemas para decidir se deve usar \"\u00eatre\" ou \"avoir\" ? As dicas necess\u00e1rias para que voc\u00ea n\u00e3o tenha d\u00favidas!","robots":{"index":"index","follow":"follow","max-snippet":"max-snippet:-1","max-image-preview":"max-image-preview:large","max-video-preview":"max-video-preview:-1"},"canonical":"https:\/\/ecole601.com\/pt-br\/utiliser-etre-ou-avoir-avec-le-passe-compose\/","og_locale":"pt_PT","og_type":"article","og_title":"Usar \"\u00eatre\" ou \"avoir\" com o pass\u00e9 compos\u00e9?","og_description":"Voc\u00ea ainda est\u00e1 tendo problemas para decidir se deve usar \"\u00eatre\" ou \"avoir\" ? As dicas necess\u00e1rias para que voc\u00ea n\u00e3o tenha d\u00favidas!","og_url":"https:\/\/ecole601.com\/pt-br\/utiliser-etre-ou-avoir-avec-le-passe-compose\/","og_site_name":"Ecole 601","article_publisher":"https:\/\/www.facebook.com\/ecole601fr","article_published_time":"2023-05-18T11:00:25+00:00","article_modified_time":"2023-06-15T15:17:31+00:00","og_image":[{"width":1200,"height":628,"url":"https:\/\/d2kfx7qtx6eao3.cloudfront.net\/wp-content\/uploads\/2023\/05\/18075203\/etre-ou-avoir-avec-le-passe-compose-1.png","type":"image\/png"}],"author":"Quentin","twitter_card":"summary_large_image","twitter_misc":{"Written by":"Quentin","Est. reading time":"5 minutes"},"schema":{"@context":"https:\/\/schema.org","@graph":[{"@type":"Article","@id":"https:\/\/ecole601.com\/pt-br\/utiliser-etre-ou-avoir-avec-le-passe-compose\/#article","isPartOf":{"@id":"https:\/\/ecole601.com\/pt-br\/utiliser-etre-ou-avoir-avec-le-passe-compose\/"},"author":{"name":"Quentin","@id":"https:\/\/ecole601.com\/pt-br\/#\/schema\/person\/3fa5f8899a8ddd8bf606aca02ec4f2ee"},"headline":"Usar &#8220;\u00eatre&#8221; ou &#8220;avoir&#8221; com o pass\u00e9 compos\u00e9?","datePublished":"2023-05-18T11:00:25+00:00","dateModified":"2023-06-15T15:17:31+00:00","mainEntityOfPage":{"@id":"https:\/\/ecole601.com\/pt-br\/utiliser-etre-ou-avoir-avec-le-passe-compose\/"},"wordCount":702,"commentCount":0,"publisher":{"@id":"https:\/\/ecole601.com\/pt-br\/#organization"},"image":{"@id":"https:\/\/ecole601.com\/pt-br\/utiliser-etre-ou-avoir-avec-le-passe-compose\/#primaryimage"},"thumbnailUrl":"https:\/\/ecole601.com\/wp-content\/uploads\/2023\/05\/etre-ou-avoir-avec-le-passe-compose-1.png","articleSection":["Franc\u00eas iniciantes","Franc\u00eas Intermedi\u00e1rio","Gram\u00e1tica","Verbos Franc\u00eas"],"inLanguage":"pt-BR","potentialAction":[{"@type":"CommentAction","name":"Comment","target":["https:\/\/ecole601.com\/pt-br\/utiliser-etre-ou-avoir-avec-le-passe-compose\/#respond"]}]},{"@type":"WebPage","@id":"https:\/\/ecole601.com\/pt-br\/utiliser-etre-ou-avoir-avec-le-passe-compose\/","url":"https:\/\/ecole601.com\/pt-br\/utiliser-etre-ou-avoir-avec-le-passe-compose\/","name":"Usar \"\u00eatre\" ou \"avoir\" com o pass\u00e9 compos\u00e9?","isPartOf":{"@id":"https:\/\/ecole601.com\/pt-br\/#website"},"primaryImageOfPage":{"@id":"https:\/\/ecole601.com\/pt-br\/utiliser-etre-ou-avoir-avec-le-passe-compose\/#primaryimage"},"image":{"@id":"https:\/\/ecole601.com\/pt-br\/utiliser-etre-ou-avoir-avec-le-passe-compose\/#primaryimage"},"thumbnailUrl":"https:\/\/ecole601.com\/wp-content\/uploads\/2023\/05\/etre-ou-avoir-avec-le-passe-compose-1.png","datePublished":"2023-05-18T11:00:25+00:00","dateModified":"2023-06-15T15:17:31+00:00","description":"Voc\u00ea ainda est\u00e1 tendo problemas para decidir se deve usar \"\u00eatre\" ou \"avoir\" ? As dicas necess\u00e1rias para que voc\u00ea n\u00e3o tenha d\u00favidas!","breadcrumb":{"@id":"https:\/\/ecole601.com\/pt-br\/utiliser-etre-ou-avoir-avec-le-passe-compose\/#breadcrumb"},"inLanguage":"pt-BR","potentialAction":[{"@type":"ReadAction","target":["https:\/\/ecole601.com\/pt-br\/utiliser-etre-ou-avoir-avec-le-passe-compose\/"]}]},{"@type":"ImageObject","inLanguage":"pt-BR","@id":"https:\/\/ecole601.com\/pt-br\/utiliser-etre-ou-avoir-avec-le-passe-compose\/#primaryimage","url":"https:\/\/ecole601.com\/wp-content\/uploads\/2023\/05\/etre-ou-avoir-avec-le-passe-compose-1.png","contentUrl":"https:\/\/ecole601.com\/wp-content\/uploads\/2023\/05\/etre-ou-avoir-avec-le-passe-compose-1.png","width":1200,"height":628},{"@type":"BreadcrumbList","@id":"https:\/\/ecole601.com\/pt-br\/utiliser-etre-ou-avoir-avec-le-passe-compose\/#breadcrumb","itemListElement":[{"@type":"ListItem","position":1,"name":"In\u00edcio","item":"https:\/\/ecole601.com\/pt-br\/home-page\/"},{"@type":"ListItem","position":2,"name":"Usar &#8220;\u00eatre&#8221; ou &#8220;avoir&#8221; com o pass\u00e9 compos\u00e9?"}]},{"@type":"WebSite","@id":"https:\/\/ecole601.com\/pt-br\/#website","url":"https:\/\/ecole601.com\/pt-br\/","name":"Ecole 601","description":"O franc\u00eas, com sucesso","publisher":{"@id":"https:\/\/ecole601.com\/pt-br\/#organization"},"potentialAction":[{"@type":"SearchAction","target":{"@type":"EntryPoint","urlTemplate":"https:\/\/ecole601.com\/pt-br\/?s={search_term_string}"},"query-input":{"@type":"PropertyValueSpecification","valueRequired":true,"valueName":"search_term_string"}}],"inLanguage":"pt-BR"},{"@type":"Organization","@id":"https:\/\/ecole601.com\/pt-br\/#organization","name":"Ecole 601","url":"https:\/\/ecole601.com\/pt-br\/","logo":{"@type":"ImageObject","inLanguage":"pt-BR","@id":"https:\/\/ecole601.com\/pt-br\/#\/schema\/logo\/image\/","url":"https:\/\/d2kfx7qtx6eao3.cloudfront.net\/wp-content\/uploads\/2022\/11\/02172437\/cropped-601-logo-500-1.png","contentUrl":"https:\/\/d2kfx7qtx6eao3.cloudfront.net\/wp-content\/uploads\/2022\/11\/02172437\/cropped-601-logo-500-1.png","width":512,"height":512,"caption":"Ecole 601"},"image":{"@id":"https:\/\/ecole601.com\/pt-br\/#\/schema\/logo\/image\/"},"sameAs":["https:\/\/www.facebook.com\/ecole601fr","https:\/\/www.instagram.com\/ecole_601\/","https:\/\/www.youtube.com\/channel\/UCAjAf3oKoKHEkzqqWbwgr5A"]},{"@type":"Person","@id":"https:\/\/ecole601.com\/pt-br\/#\/schema\/person\/3fa5f8899a8ddd8bf606aca02ec4f2ee","name":"Quentin","image":{"@type":"ImageObject","inLanguage":"pt-BR","@id":"https:\/\/ecole601.com\/pt-br\/#\/schema\/person\/image\/","url":"https:\/\/ecole601.com\/wp-content\/uploads\/2024\/03\/quentin_avatar-96x96.jpg","contentUrl":"https:\/\/ecole601.com\/wp-content\/uploads\/2024\/03\/quentin_avatar-96x96.jpg","caption":"Quentin"},"sameAs":["https:\/\/ecole601.com"],"url":"https:\/\/ecole601.com\/pt-br\/author\/oberquentin\/"}]}},"_links":{"self":[{"href":"https:\/\/ecole601.com\/pt-br\/wp-json\/wp\/v2\/posts\/35021","targetHints":{"allow":["GET"]}}],"collection":[{"href":"https:\/\/ecole601.com\/pt-br\/wp-json\/wp\/v2\/posts"}],"about":[{"href":"https:\/\/ecole601.com\/pt-br\/wp-json\/wp\/v2\/types\/post"}],"author":[{"embeddable":true,"href":"https:\/\/ecole601.com\/pt-br\/wp-json\/wp\/v2\/users\/1"}],"replies":[{"embeddable":true,"href":"https:\/\/ecole601.com\/pt-br\/wp-json\/wp\/v2\/comments?post=35021"}],"version-history":[{"count":5,"href":"https:\/\/ecole601.com\/pt-br\/wp-json\/wp\/v2\/posts\/35021\/revisions"}],"predecessor-version":[{"id":36753,"href":"https:\/\/ecole601.com\/pt-br\/wp-json\/wp\/v2\/posts\/35021\/revisions\/36753"}],"wp:featuredmedia":[{"embeddable":true,"href":"https:\/\/ecole601.com\/pt-br\/wp-json\/wp\/v2\/media\/35024"}],"wp:attachment":[{"href":"https:\/\/ecole601.com\/pt-br\/wp-json\/wp\/v2\/media?parent=35021"}],"wp:term":[{"taxonomy":"category","embeddable":true,"href":"https:\/\/ecole601.com\/pt-br\/wp-json\/wp\/v2\/categories?post=35021"},{"taxonomy":"post_tag","embeddable":true,"href":"https:\/\/ecole601.com\/pt-br\/wp-json\/wp\/v2\/tags?post=35021"}],"curies":[{"name":"wp","href":"https:\/\/api.w.org\/{rel}","templated":true}]}}