{"id":4910,"date":"2022-11-02T13:46:17","date_gmt":"2022-11-02T16:46:17","guid":{"rendered":"https:\/\/frances601.com\/?p=4910"},"modified":"2023-04-21T10:10:04","modified_gmt":"2023-04-21T13:10:04","slug":"conjugar-o-verbo-avoir-ter-em-frances-sem-pensar","status":"publish","type":"post","link":"https:\/\/ecole601.com\/pt-br\/conjugar-o-verbo-avoir-ter-em-frances-sem-pensar\/","title":{"rendered":"Conjugar o verbo &#8220;avoir&#8221; (ter) em franc\u00eas sem pensar."},"content":{"rendered":"\n<p>N\u00e3o preciso dar uma longa introdu\u00e7\u00e3o sobre a import\u00e2ncia deste verbo, acho que ele \u00e9 claro o suficiente para voc\u00ea. Este verbo deve estar em seu TOP 5 verbos para saber em prioridade.<\/p>\n\n\n\n<p>O verbo ter \u00e9 um verbo extremamente irregular como o verbo &#8220;ser&#8221;, mas que em breve voc\u00ea aprender\u00e1, pois o ver\u00e1 em quase todos os lugares.<\/p>\n\n\n\n<div class=\"wp-block-columns is-layout-flex wp-container-core-columns-is-layout-28f84493 wp-block-columns-is-layout-flex\">\n<div class=\"wp-block-column is-layout-flow wp-block-column-is-layout-flow\"><\/div>\n\n\n\n<div class=\"wp-block-column is-layout-flow wp-block-column-is-layout-flow\" style=\"flex-basis:500px\">\n<h3 class=\"wp-block-heading\"><strong>Le verbe &#8220;avoir&#8221;<\/strong><\/h3>\n\n\n\n<figure class=\"wp-block-table is-style-stripes\"><table><tbody><tr><td>J&#8217;<strong>ai<\/strong><\/td><td>une belle chemise<\/td><\/tr><tr><td>Tu&nbsp;<strong>as<\/strong><\/td><td>des chaussures blanches<\/td><\/tr><tr><td>Il&nbsp;\/ Elle \/ On <strong>a<\/strong><\/td><td>de la chance<\/td><\/tr><tr><td>Nous <strong>avons<\/strong><\/td><td>du retard<\/td><\/tr><tr><td>Vous <strong>avez<\/strong><\/td><td>commenc\u00e9 le cours<\/td><\/tr><tr><td>Ils \/ Elles <strong>ont<\/strong><\/td><td>des probl\u00e8mes<\/td><\/tr><\/tbody><\/table><\/figure>\n\n\n\n<figure class=\"wp-block-audio\"><audio controls src=\"https:\/\/frances601.com\/wp-content\/uploads\/2022\/08\/Lecon-4-vebe-avoir.mp3\"><\/audio><\/figure>\n<\/div>\n\n\n\n<div class=\"wp-block-column is-layout-flow wp-block-column-is-layout-flow\"><\/div>\n<\/div>\n\n\n\n<p>H\u00e1 muitas express\u00f5es com o verbo que veremos nas pr\u00f3ximas semanas, para lhes dar alguns exemplos:<\/p>\n\n\n\n<ul class=\"wp-block-list\">\n<li>Avoir besoin <strong>de<\/strong> (precisar de alguma coisa)<\/li>\n<\/ul>\n\n\n\n<div class=\"wp-block-fluent-crm-conditional-content\"><div class=\"fc-cond-blocks\">\n<div class=\"wp-block-group has-background is-layout-constrained wp-block-group-is-layout-constrained\" style=\"background-color:#e7e7e7\">\n<h4 class=\"wp-block-heading\">Voc\u00ea quer saber como conjugar 90% dos verbos franceses? Baixe nosso PDF!<\/h4>\n\n\n<div class='fluentform ff-default fluentform_wrapper_8  ff_guten_block ffs_default_wrap'><form data-form_id=\"8\" id=\"fluentform_8\" class=\"frm-fluent-form fluent_form_8 ff-el-form-top ff_form_instance_8_1 ff-form-loading ff_has_v3_recptcha ffs_default\" data-form_instance=\"ff_form_instance_8_1\" method=\"POST\" data-recptcha_key=\"6Lf1bwAjAAAAANwZ4PFI4M0zEejT1-5Cqw6934dd\" ><fieldset  style=\"border: none!important;margin: 0!important;padding: 0!important;background-color: transparent!important;box-shadow: none!important;outline: none!important; min-inline-size: 100%;\">\n                    <legend class=\"ff_screen_reader_title\" style=\"display: block; margin: 0!important;padding: 0!important;height: 0!important;text-indent: -999999px;width: 0!important;overflow:hidden;\">PDF 90% verbos<\/legend><input type='hidden' name='__fluent_form_embded_post_id' value='4910' \/><input type=\"hidden\" id=\"_fluentform_8_fluentformnonce\" name=\"_fluentform_8_fluentformnonce\" value=\"852f61ad21\" \/><input type=\"hidden\" name=\"_wp_http_referer\" value=\"\/pt-br\/wp-json\/wp\/v2\/posts\/4910\" \/><div data-type=\"name-element\" data-name=\"names\" class=\" ff-field_container ff-name-field-wrapper\" ><div class='ff-t-container'><div class='ff-t-cell '><div class='ff-el-group'><div class=\"ff-el-input--label ff-el-is-required asterisk-right\"><label for='ff_8_names_first_name_' >Nome<\/label><\/div><div class='ff-el-input--content'><input type=\"text\" name=\"names[first_name]\" value=\"\" id=\"ff_8_names_first_name_\" class=\"ff-el-form-control\" placeholder=\"Nome\" aria-invalid=\"false\" aria-required=true><\/div><\/div><\/div><div class='ff-t-cell '><div class='ff-el-group'><div class=\"ff-el-input--label ff-el-is-required asterisk-right\"><label for='ff_8_names_last_name_' >Sobrenome<\/label><\/div><div class='ff-el-input--content'><input type=\"text\" name=\"names[last_name]\" value=\"\" id=\"ff_8_names_last_name_\" class=\"ff-el-form-control\" placeholder=\"Sobrenome\" aria-invalid=\"false\" aria-required=true><\/div><\/div><\/div><\/div><\/div><div class='ff-el-group'><div class=\"ff-el-input--label ff-el-is-required asterisk-right\"><label for='ff_8_email' aria-label=\"Email\">Email<\/label><\/div><div class='ff-el-input--content'><input type=\"email\" name=\"email\" value=\"\" id=\"ff_8_email\" class=\"ff-el-form-control\" placeholder=\"Email Address\" data-name=\"email\"  aria-invalid=\"false\" aria-required=true><\/div><\/div><div class='ff-el-group ff-text-left ff_submit_btn_wrapper ff_submit_btn_wrapper_custom'><button class=\"ff-btn ff-btn-submit ff-btn-md ff_btn_style wpf_has_custom_css\" type=\"submit\" name=\"custom_submit_button-8_1\" data-name=\"custom_submit_button-8_1\" >Receber o PDF<\/button><style>form.fluent_form_8 .wpf_has_custom_css.ff-btn-submit { background-color:rgba(29, 53, 87, 1);border-color:rgba(29, 53, 87, 1);color:#ffffff;min-width:100%; }form.fluent_form_8 .wpf_has_custom_css.ff-btn-submit:hover { background-color:#ffffff;border-color:#409EFF;color:#409EFF;min-width:100%; } <\/style><\/div><\/fieldset><\/form><div id='fluentform_8_errors' class='ff-errors-in-stack ff_form_instance_8_1 ff-form-loading_errors ff_form_instance_8_1_errors'><\/div><\/div>        <script type=\"text\/javascript\">\n            window.fluent_form_ff_form_instance_8_1 = {\"id\":\"8\",\"settings\":{\"layout\":{\"labelPlacement\":\"top\",\"helpMessagePlacement\":\"with_label\",\"errorMessagePlacement\":\"inline\"},\"restrictions\":{\"denyEmptySubmission\":{\"enabled\":false}}},\"form_instance\":\"ff_form_instance_8_1\",\"form_id_selector\":\"fluentform_8\",\"rules\":{\"names[first_name]\":{\"required\":{\"value\":true,\"message\":\"This field is required\"}},\"names[middle_name]\":{\"required\":{\"value\":false,\"message\":\"This field is required\"}},\"names[last_name]\":{\"required\":{\"value\":true,\"message\":\"This field is required\"}},\"email\":{\"required\":{\"value\":true,\"message\":\"This field is required\"},\"email\":{\"value\":true,\"message\":\"This field must contain a valid email\"}}},\"debounce_time\":300};\n                    <\/script>\n        <\/div>\n<\/div><\/div>\n\n\n\n<h2 class=\"wp-block-heading\">Agora \u00e9 a sua vez de falar!<\/h2>\n\n\n\n<div class=\"wp-block-columns citation-class has-background is-layout-flex wp-container-core-columns-is-layout-28f84493 wp-block-columns-is-layout-flex\" style=\"background-color:#abb7c247\">\n<div class=\"wp-block-column is-layout-flow wp-block-column-is-layout-flow\" style=\"flex-basis:100%\">\n<h2 class=\"wp-block-heading\">Ilustra\u00e7\u00e3o &#8211; escute com aten\u00e7\u00e3o<\/h2>\n\n\n\n<figure class=\"wp-block-audio\"><audio controls src=\"https:\/\/frances601.com\/wp-content\/uploads\/2022\/08\/Lecon-4-jai-toujours-beaucoup-de-chance.mp3\"><\/audio><figcaption class=\"wp-element-caption\"><em>Ou\u00e7a este clipe, mude a velocidade se voc\u00ea quiser<\/em><\/figcaption><\/figure>\n\n\n\n<blockquote class=\"wp-block-quote has-background is-layout-flow wp-block-quote-is-layout-flow\" style=\"background-color:#f1faed00\">\n<p>&#8220;J&#8217;ai toujours beaucoup de chance. A chaque fois qu&#8217;il pleut, j&#8217;ai mon parapluie&#8221; <\/p>\n<cite>&#8220;Eu tenho sempre muita sorte. Toda vez que chove, eu tenho meu guarda-chuva&#8221;.<\/cite><\/blockquote>\n<\/div>\n<\/div>\n\n\n\n<h2 class=\"wp-block-heading\">Como voc\u00ea se lembra do verbo ter sem pensar?<\/h2>\n\n\n\n<p>Se voc\u00ea quer se tornar fluente em franc\u00eas, h\u00e1 verbos como avoir (que tamb\u00e9m \u00e9 um auxiliar usado para o pass\u00e9 compos\u00e9), voc\u00ea deve ser capaz de sair de sua conjuga\u00e7\u00e3o no tempo presente sem pensar nisso!<\/p>\n\n\n\n<p>Para isso, sem surpresa, voc\u00ea precisa praticar o m\u00e1ximo poss\u00edvel com exerc\u00edcios e conversas. \u00c9 importante n\u00e3o aprender frases prontas que voc\u00ea pode ler nos guias &#8220;100 express\u00f5es francesas para conhecer&#8221;. <\/p>\n\n\n\n<p>\u00c9 melhor repetir-se com frases diferentes a cada vez. O importante \u00e9 que voc\u00ea possa usar estes verbos como ferramentas e n\u00e3o como uma lista de palavras que bloqueiam sua memoriza\u00e7\u00e3o.<\/p>\n\n\n\n<h1 class=\"wp-block-heading\">Ent\u00e3o comece a treinar agora, conjugando o verbo ter<\/h1>\n\n\n\n\n\n<div class=\"wp-block-fluent-crm-conditional-content\"><div class=\"fc-cond-blocks\">\n<p class=\"has-text-align-center\"><strong>Fa\u00e7a login gratuitamente para fazer os <a href=\"https:\/\/ecole601.com\/login\/\">exerc\u00edcios aqui.<\/a><\/strong><\/p>\n\n\n\n<figure class=\"wp-block-image size-large blurred\"><img decoding=\"async\" width=\"1024\" height=\"444\" src=\"https:\/\/ecole601.com\/wp-content\/uploads\/2023\/04\/le-verbe-etre-1024x444.jpeg\" alt=\"\" class=\"wp-image-30788\" srcset=\"https:\/\/ecole601.com\/wp-content\/uploads\/2023\/04\/le-verbe-etre-1024x444.jpeg 1024w, https:\/\/ecole601.com\/wp-content\/uploads\/2023\/04\/le-verbe-etre-600x260.jpeg 600w, https:\/\/ecole601.com\/wp-content\/uploads\/2023\/04\/le-verbe-etre-300x130.jpeg 300w, https:\/\/ecole601.com\/wp-content\/uploads\/2023\/04\/le-verbe-etre-768x333.jpeg 768w, https:\/\/ecole601.com\/wp-content\/uploads\/2023\/04\/le-verbe-etre-624x271.jpeg 624w, https:\/\/ecole601.com\/wp-content\/uploads\/2023\/04\/le-verbe-etre-80x35.jpeg 80w, https:\/\/ecole601.com\/wp-content\/uploads\/2023\/04\/le-verbe-etre-100x43.jpeg 100w, https:\/\/ecole601.com\/wp-content\/uploads\/2023\/04\/le-verbe-etre.jpeg 1347w\" sizes=\"(max-width: 1024px) 100vw, 1024px\" \/><\/figure>\n<\/div><\/div>\n","protected":false},"excerpt":{"rendered":"<p>N\u00e3o preciso dar uma longa introdu\u00e7\u00e3o sobre a import\u00e2ncia deste verbo, acho que ele \u00e9 claro o suficiente para voc\u00ea. Este verbo deve estar em seu TOP 5 verbos para saber em prioridade. O verbo ter \u00e9 um verbo extremamente irregular como o verbo &#8220;ser&#8221;, mas que em breve voc\u00ea aprender\u00e1, pois o ver\u00e1 em [&hellip;]<\/p>\n","protected":false},"author":1,"featured_media":4911,"comment_status":"open","ping_status":"open","sticky":false,"template":"","format":"standard","meta":{"site-sidebar-layout":"default","site-content-layout":"","ast-site-content-layout":"default","site-content-style":"default","site-sidebar-style":"default","ast-global-header-display":"","ast-banner-title-visibility":"","ast-main-header-display":"","ast-hfb-above-header-display":"","ast-hfb-below-header-display":"","ast-hfb-mobile-header-display":"","site-post-title":"","ast-breadcrumbs-content":"","ast-featured-img":"","footer-sml-layout":"","theme-transparent-header-meta":"","adv-header-id-meta":"","stick-header-meta":"","header-above-stick-meta":"","header-main-stick-meta":"","header-below-stick-meta":"","astra-migrate-meta-layouts":"default","ast-page-background-enabled":"default","ast-page-background-meta":{"desktop":{"background-color":"","background-image":"","background-repeat":"repeat","background-position":"center center","background-size":"auto","background-attachment":"scroll","background-type":"","background-media":"","overlay-type":"","overlay-color":"","overlay-opacity":"","overlay-gradient":""},"tablet":{"background-color":"","background-image":"","background-repeat":"repeat","background-position":"center center","background-size":"auto","background-attachment":"scroll","background-type":"","background-media":"","overlay-type":"","overlay-color":"","overlay-opacity":"","overlay-gradient":""},"mobile":{"background-color":"","background-image":"","background-repeat":"repeat","background-position":"center center","background-size":"auto","background-attachment":"scroll","background-type":"","background-media":"","overlay-type":"","overlay-color":"","overlay-opacity":"","overlay-gradient":""}},"ast-content-background-meta":{"desktop":{"background-color":"var(--ast-global-color-5)","background-image":"","background-repeat":"repeat","background-position":"center center","background-size":"auto","background-attachment":"scroll","background-type":"","background-media":"","overlay-type":"","overlay-color":"","overlay-opacity":"","overlay-gradient":""},"tablet":{"background-color":"var(--ast-global-color-5)","background-image":"","background-repeat":"repeat","background-position":"center center","background-size":"auto","background-attachment":"scroll","background-type":"","background-media":"","overlay-type":"","overlay-color":"","overlay-opacity":"","overlay-gradient":""},"mobile":{"background-color":"var(--ast-global-color-5)","background-image":"","background-repeat":"repeat","background-position":"center center","background-size":"auto","background-attachment":"scroll","background-type":"","background-media":"","overlay-type":"","overlay-color":"","overlay-opacity":"","overlay-gradient":""}},"footnotes":""},"categories":[91,92],"tags":[235],"class_list":["post-4910","post","type-post","status-publish","format-standard","has-post-thumbnail","hentry","category-frances-iniciantes","category-verbos-frances","tag-avoir"],"yoast_head":"<!-- This site is optimized with the Yoast SEO plugin v24.0 - https:\/\/yoast.com\/wordpress\/plugins\/seo\/ -->\n<title>Conjugar o verbo &quot;avoir&quot; (ter) em franc\u00eas sem pensar. - Ecole 601<\/title>\n<meta name=\"description\" content=\"J&#039;ai, tu as, il\/elle\/on a, nous avons, vous avez, ils ont.. O verbo ter \u00e9 um verbo extremamente irregular como o verbo &quot;ser&quot;.\" \/>\n<meta name=\"robots\" content=\"index, follow, max-snippet:-1, max-image-preview:large, max-video-preview:-1\" \/>\n<link rel=\"canonical\" href=\"https:\/\/ecole601.com\/pt-br\/conjugar-o-verbo-avoir-ter-em-frances-sem-pensar\/\" \/>\n<meta property=\"og:locale\" content=\"pt_PT\" \/>\n<meta property=\"og:type\" content=\"article\" \/>\n<meta property=\"og:title\" content=\"Conjugar o verbo &quot;avoir&quot; (ter) em franc\u00eas sem pensar. - Ecole 601\" \/>\n<meta property=\"og:description\" content=\"J&#039;ai, tu as, il\/elle\/on a, nous avons, vous avez, ils ont.. O verbo ter \u00e9 um verbo extremamente irregular como o verbo &quot;ser&quot;.\" \/>\n<meta property=\"og:url\" content=\"https:\/\/ecole601.com\/pt-br\/conjugar-o-verbo-avoir-ter-em-frances-sem-pensar\/\" \/>\n<meta property=\"og:site_name\" content=\"Ecole 601\" \/>\n<meta property=\"article:publisher\" content=\"https:\/\/www.facebook.com\/ecole601fr\" \/>\n<meta property=\"article:published_time\" content=\"2022-11-02T16:46:17+00:00\" \/>\n<meta property=\"article:modified_time\" content=\"2023-04-21T13:10:04+00:00\" \/>\n<meta property=\"og:image\" content=\"https:\/\/d2kfx7qtx6eao3.cloudfront.net\/wp-content\/uploads\/2022\/11\/13134410\/Conjugar-o-verbo-avoir-ter-em-frances-sem-pensar.png\" \/>\n\t<meta property=\"og:image:width\" content=\"1200\" \/>\n\t<meta property=\"og:image:height\" content=\"628\" \/>\n\t<meta property=\"og:image:type\" content=\"image\/png\" \/>\n<meta name=\"author\" content=\"Quentin\" \/>\n<meta name=\"twitter:card\" content=\"summary_large_image\" \/>\n<meta name=\"twitter:label1\" content=\"Written by\" \/>\n\t<meta name=\"twitter:data1\" content=\"Quentin\" \/>\n\t<meta name=\"twitter:label2\" content=\"Est. reading time\" \/>\n\t<meta name=\"twitter:data2\" content=\"2 minutes\" \/>\n<script type=\"application\/ld+json\" class=\"yoast-schema-graph\">{\"@context\":\"https:\/\/schema.org\",\"@graph\":[{\"@type\":\"Article\",\"@id\":\"https:\/\/ecole601.com\/pt-br\/conjugar-o-verbo-avoir-ter-em-frances-sem-pensar\/#article\",\"isPartOf\":{\"@id\":\"https:\/\/ecole601.com\/pt-br\/conjugar-o-verbo-avoir-ter-em-frances-sem-pensar\/\"},\"author\":{\"name\":\"Quentin\",\"@id\":\"https:\/\/ecole601.com\/pt-br\/#\/schema\/person\/3fa5f8899a8ddd8bf606aca02ec4f2ee\"},\"headline\":\"Conjugar o verbo &#8220;avoir&#8221; (ter) em franc\u00eas sem pensar.\",\"datePublished\":\"2022-11-02T16:46:17+00:00\",\"dateModified\":\"2023-04-21T13:10:04+00:00\",\"mainEntityOfPage\":{\"@id\":\"https:\/\/ecole601.com\/pt-br\/conjugar-o-verbo-avoir-ter-em-frances-sem-pensar\/\"},\"wordCount\":305,\"commentCount\":0,\"publisher\":{\"@id\":\"https:\/\/ecole601.com\/pt-br\/#organization\"},\"image\":{\"@id\":\"https:\/\/ecole601.com\/pt-br\/conjugar-o-verbo-avoir-ter-em-frances-sem-pensar\/#primaryimage\"},\"thumbnailUrl\":\"https:\/\/ecole601.com\/wp-content\/uploads\/2022\/11\/Conjugar-o-verbo-avoir-ter-em-frances-sem-pensar.png\",\"keywords\":[\"Avoir\"],\"articleSection\":[\"Franc\u00eas iniciantes\",\"Verbos Franc\u00eas\"],\"inLanguage\":\"pt-BR\",\"potentialAction\":[{\"@type\":\"CommentAction\",\"name\":\"Comment\",\"target\":[\"https:\/\/ecole601.com\/pt-br\/conjugar-o-verbo-avoir-ter-em-frances-sem-pensar\/#respond\"]}]},{\"@type\":\"WebPage\",\"@id\":\"https:\/\/ecole601.com\/pt-br\/conjugar-o-verbo-avoir-ter-em-frances-sem-pensar\/\",\"url\":\"https:\/\/ecole601.com\/pt-br\/conjugar-o-verbo-avoir-ter-em-frances-sem-pensar\/\",\"name\":\"Conjugar o verbo \\\"avoir\\\" (ter) em franc\u00eas sem pensar. - Ecole 601\",\"isPartOf\":{\"@id\":\"https:\/\/ecole601.com\/pt-br\/#website\"},\"primaryImageOfPage\":{\"@id\":\"https:\/\/ecole601.com\/pt-br\/conjugar-o-verbo-avoir-ter-em-frances-sem-pensar\/#primaryimage\"},\"image\":{\"@id\":\"https:\/\/ecole601.com\/pt-br\/conjugar-o-verbo-avoir-ter-em-frances-sem-pensar\/#primaryimage\"},\"thumbnailUrl\":\"https:\/\/ecole601.com\/wp-content\/uploads\/2022\/11\/Conjugar-o-verbo-avoir-ter-em-frances-sem-pensar.png\",\"datePublished\":\"2022-11-02T16:46:17+00:00\",\"dateModified\":\"2023-04-21T13:10:04+00:00\",\"description\":\"J'ai, tu as, il\/elle\/on a, nous avons, vous avez, ils ont.. O verbo ter \u00e9 um verbo extremamente irregular como o verbo \\\"ser\\\".\",\"breadcrumb\":{\"@id\":\"https:\/\/ecole601.com\/pt-br\/conjugar-o-verbo-avoir-ter-em-frances-sem-pensar\/#breadcrumb\"},\"inLanguage\":\"pt-BR\",\"potentialAction\":[{\"@type\":\"ReadAction\",\"target\":[\"https:\/\/ecole601.com\/pt-br\/conjugar-o-verbo-avoir-ter-em-frances-sem-pensar\/\"]}]},{\"@type\":\"ImageObject\",\"inLanguage\":\"pt-BR\",\"@id\":\"https:\/\/ecole601.com\/pt-br\/conjugar-o-verbo-avoir-ter-em-frances-sem-pensar\/#primaryimage\",\"url\":\"https:\/\/ecole601.com\/wp-content\/uploads\/2022\/11\/Conjugar-o-verbo-avoir-ter-em-frances-sem-pensar.png\",\"contentUrl\":\"https:\/\/ecole601.com\/wp-content\/uploads\/2022\/11\/Conjugar-o-verbo-avoir-ter-em-frances-sem-pensar.png\",\"width\":1200,\"height\":628},{\"@type\":\"BreadcrumbList\",\"@id\":\"https:\/\/ecole601.com\/pt-br\/conjugar-o-verbo-avoir-ter-em-frances-sem-pensar\/#breadcrumb\",\"itemListElement\":[{\"@type\":\"ListItem\",\"position\":1,\"name\":\"In\u00edcio\",\"item\":\"https:\/\/ecole601.com\/pt-br\/home-page\/\"},{\"@type\":\"ListItem\",\"position\":2,\"name\":\"Conjugar o verbo &#8220;avoir&#8221; (ter) em franc\u00eas sem pensar.\"}]},{\"@type\":\"WebSite\",\"@id\":\"https:\/\/ecole601.com\/pt-br\/#website\",\"url\":\"https:\/\/ecole601.com\/pt-br\/\",\"name\":\"Ecole 601\",\"description\":\"O franc\u00eas, com sucesso\",\"publisher\":{\"@id\":\"https:\/\/ecole601.com\/pt-br\/#organization\"},\"potentialAction\":[{\"@type\":\"SearchAction\",\"target\":{\"@type\":\"EntryPoint\",\"urlTemplate\":\"https:\/\/ecole601.com\/pt-br\/?s={search_term_string}\"},\"query-input\":{\"@type\":\"PropertyValueSpecification\",\"valueRequired\":true,\"valueName\":\"search_term_string\"}}],\"inLanguage\":\"pt-BR\"},{\"@type\":\"Organization\",\"@id\":\"https:\/\/ecole601.com\/pt-br\/#organization\",\"name\":\"Ecole 601\",\"url\":\"https:\/\/ecole601.com\/pt-br\/\",\"logo\":{\"@type\":\"ImageObject\",\"inLanguage\":\"pt-BR\",\"@id\":\"https:\/\/ecole601.com\/pt-br\/#\/schema\/logo\/image\/\",\"url\":\"https:\/\/d2kfx7qtx6eao3.cloudfront.net\/wp-content\/uploads\/2022\/11\/02172437\/cropped-601-logo-500-1.png\",\"contentUrl\":\"https:\/\/d2kfx7qtx6eao3.cloudfront.net\/wp-content\/uploads\/2022\/11\/02172437\/cropped-601-logo-500-1.png\",\"width\":512,\"height\":512,\"caption\":\"Ecole 601\"},\"image\":{\"@id\":\"https:\/\/ecole601.com\/pt-br\/#\/schema\/logo\/image\/\"},\"sameAs\":[\"https:\/\/www.facebook.com\/ecole601fr\",\"https:\/\/www.instagram.com\/ecole_601\/\",\"https:\/\/www.youtube.com\/channel\/UCAjAf3oKoKHEkzqqWbwgr5A\"]},{\"@type\":\"Person\",\"@id\":\"https:\/\/ecole601.com\/pt-br\/#\/schema\/person\/3fa5f8899a8ddd8bf606aca02ec4f2ee\",\"name\":\"Quentin\",\"image\":{\"@type\":\"ImageObject\",\"inLanguage\":\"pt-BR\",\"@id\":\"https:\/\/ecole601.com\/pt-br\/#\/schema\/person\/image\/\",\"url\":\"https:\/\/ecole601.com\/wp-content\/uploads\/2024\/03\/quentin_avatar-96x96.jpg\",\"contentUrl\":\"https:\/\/ecole601.com\/wp-content\/uploads\/2024\/03\/quentin_avatar-96x96.jpg\",\"caption\":\"Quentin\"},\"sameAs\":[\"https:\/\/ecole601.com\"],\"url\":\"https:\/\/ecole601.com\/pt-br\/author\/oberquentin\/\"}]}<\/script>\n<!-- \/ Yoast SEO plugin. -->","yoast_head_json":{"title":"Conjugar o verbo \"avoir\" (ter) em franc\u00eas sem pensar. - Ecole 601","description":"J'ai, tu as, il\/elle\/on a, nous avons, vous avez, ils ont.. O verbo ter \u00e9 um verbo extremamente irregular como o verbo \"ser\".","robots":{"index":"index","follow":"follow","max-snippet":"max-snippet:-1","max-image-preview":"max-image-preview:large","max-video-preview":"max-video-preview:-1"},"canonical":"https:\/\/ecole601.com\/pt-br\/conjugar-o-verbo-avoir-ter-em-frances-sem-pensar\/","og_locale":"pt_PT","og_type":"article","og_title":"Conjugar o verbo \"avoir\" (ter) em franc\u00eas sem pensar. - Ecole 601","og_description":"J'ai, tu as, il\/elle\/on a, nous avons, vous avez, ils ont.. O verbo ter \u00e9 um verbo extremamente irregular como o verbo \"ser\".","og_url":"https:\/\/ecole601.com\/pt-br\/conjugar-o-verbo-avoir-ter-em-frances-sem-pensar\/","og_site_name":"Ecole 601","article_publisher":"https:\/\/www.facebook.com\/ecole601fr","article_published_time":"2022-11-02T16:46:17+00:00","article_modified_time":"2023-04-21T13:10:04+00:00","og_image":[{"width":1200,"height":628,"url":"https:\/\/d2kfx7qtx6eao3.cloudfront.net\/wp-content\/uploads\/2022\/11\/13134410\/Conjugar-o-verbo-avoir-ter-em-frances-sem-pensar.png","type":"image\/png"}],"author":"Quentin","twitter_card":"summary_large_image","twitter_misc":{"Written by":"Quentin","Est. reading time":"2 minutes"},"schema":{"@context":"https:\/\/schema.org","@graph":[{"@type":"Article","@id":"https:\/\/ecole601.com\/pt-br\/conjugar-o-verbo-avoir-ter-em-frances-sem-pensar\/#article","isPartOf":{"@id":"https:\/\/ecole601.com\/pt-br\/conjugar-o-verbo-avoir-ter-em-frances-sem-pensar\/"},"author":{"name":"Quentin","@id":"https:\/\/ecole601.com\/pt-br\/#\/schema\/person\/3fa5f8899a8ddd8bf606aca02ec4f2ee"},"headline":"Conjugar o verbo &#8220;avoir&#8221; (ter) em franc\u00eas sem pensar.","datePublished":"2022-11-02T16:46:17+00:00","dateModified":"2023-04-21T13:10:04+00:00","mainEntityOfPage":{"@id":"https:\/\/ecole601.com\/pt-br\/conjugar-o-verbo-avoir-ter-em-frances-sem-pensar\/"},"wordCount":305,"commentCount":0,"publisher":{"@id":"https:\/\/ecole601.com\/pt-br\/#organization"},"image":{"@id":"https:\/\/ecole601.com\/pt-br\/conjugar-o-verbo-avoir-ter-em-frances-sem-pensar\/#primaryimage"},"thumbnailUrl":"https:\/\/ecole601.com\/wp-content\/uploads\/2022\/11\/Conjugar-o-verbo-avoir-ter-em-frances-sem-pensar.png","keywords":["Avoir"],"articleSection":["Franc\u00eas iniciantes","Verbos Franc\u00eas"],"inLanguage":"pt-BR","potentialAction":[{"@type":"CommentAction","name":"Comment","target":["https:\/\/ecole601.com\/pt-br\/conjugar-o-verbo-avoir-ter-em-frances-sem-pensar\/#respond"]}]},{"@type":"WebPage","@id":"https:\/\/ecole601.com\/pt-br\/conjugar-o-verbo-avoir-ter-em-frances-sem-pensar\/","url":"https:\/\/ecole601.com\/pt-br\/conjugar-o-verbo-avoir-ter-em-frances-sem-pensar\/","name":"Conjugar o verbo \"avoir\" (ter) em franc\u00eas sem pensar. - Ecole 601","isPartOf":{"@id":"https:\/\/ecole601.com\/pt-br\/#website"},"primaryImageOfPage":{"@id":"https:\/\/ecole601.com\/pt-br\/conjugar-o-verbo-avoir-ter-em-frances-sem-pensar\/#primaryimage"},"image":{"@id":"https:\/\/ecole601.com\/pt-br\/conjugar-o-verbo-avoir-ter-em-frances-sem-pensar\/#primaryimage"},"thumbnailUrl":"https:\/\/ecole601.com\/wp-content\/uploads\/2022\/11\/Conjugar-o-verbo-avoir-ter-em-frances-sem-pensar.png","datePublished":"2022-11-02T16:46:17+00:00","dateModified":"2023-04-21T13:10:04+00:00","description":"J'ai, tu as, il\/elle\/on a, nous avons, vous avez, ils ont.. O verbo ter \u00e9 um verbo extremamente irregular como o verbo \"ser\".","breadcrumb":{"@id":"https:\/\/ecole601.com\/pt-br\/conjugar-o-verbo-avoir-ter-em-frances-sem-pensar\/#breadcrumb"},"inLanguage":"pt-BR","potentialAction":[{"@type":"ReadAction","target":["https:\/\/ecole601.com\/pt-br\/conjugar-o-verbo-avoir-ter-em-frances-sem-pensar\/"]}]},{"@type":"ImageObject","inLanguage":"pt-BR","@id":"https:\/\/ecole601.com\/pt-br\/conjugar-o-verbo-avoir-ter-em-frances-sem-pensar\/#primaryimage","url":"https:\/\/ecole601.com\/wp-content\/uploads\/2022\/11\/Conjugar-o-verbo-avoir-ter-em-frances-sem-pensar.png","contentUrl":"https:\/\/ecole601.com\/wp-content\/uploads\/2022\/11\/Conjugar-o-verbo-avoir-ter-em-frances-sem-pensar.png","width":1200,"height":628},{"@type":"BreadcrumbList","@id":"https:\/\/ecole601.com\/pt-br\/conjugar-o-verbo-avoir-ter-em-frances-sem-pensar\/#breadcrumb","itemListElement":[{"@type":"ListItem","position":1,"name":"In\u00edcio","item":"https:\/\/ecole601.com\/pt-br\/home-page\/"},{"@type":"ListItem","position":2,"name":"Conjugar o verbo &#8220;avoir&#8221; (ter) em franc\u00eas sem pensar."}]},{"@type":"WebSite","@id":"https:\/\/ecole601.com\/pt-br\/#website","url":"https:\/\/ecole601.com\/pt-br\/","name":"Ecole 601","description":"O franc\u00eas, com sucesso","publisher":{"@id":"https:\/\/ecole601.com\/pt-br\/#organization"},"potentialAction":[{"@type":"SearchAction","target":{"@type":"EntryPoint","urlTemplate":"https:\/\/ecole601.com\/pt-br\/?s={search_term_string}"},"query-input":{"@type":"PropertyValueSpecification","valueRequired":true,"valueName":"search_term_string"}}],"inLanguage":"pt-BR"},{"@type":"Organization","@id":"https:\/\/ecole601.com\/pt-br\/#organization","name":"Ecole 601","url":"https:\/\/ecole601.com\/pt-br\/","logo":{"@type":"ImageObject","inLanguage":"pt-BR","@id":"https:\/\/ecole601.com\/pt-br\/#\/schema\/logo\/image\/","url":"https:\/\/d2kfx7qtx6eao3.cloudfront.net\/wp-content\/uploads\/2022\/11\/02172437\/cropped-601-logo-500-1.png","contentUrl":"https:\/\/d2kfx7qtx6eao3.cloudfront.net\/wp-content\/uploads\/2022\/11\/02172437\/cropped-601-logo-500-1.png","width":512,"height":512,"caption":"Ecole 601"},"image":{"@id":"https:\/\/ecole601.com\/pt-br\/#\/schema\/logo\/image\/"},"sameAs":["https:\/\/www.facebook.com\/ecole601fr","https:\/\/www.instagram.com\/ecole_601\/","https:\/\/www.youtube.com\/channel\/UCAjAf3oKoKHEkzqqWbwgr5A"]},{"@type":"Person","@id":"https:\/\/ecole601.com\/pt-br\/#\/schema\/person\/3fa5f8899a8ddd8bf606aca02ec4f2ee","name":"Quentin","image":{"@type":"ImageObject","inLanguage":"pt-BR","@id":"https:\/\/ecole601.com\/pt-br\/#\/schema\/person\/image\/","url":"https:\/\/ecole601.com\/wp-content\/uploads\/2024\/03\/quentin_avatar-96x96.jpg","contentUrl":"https:\/\/ecole601.com\/wp-content\/uploads\/2024\/03\/quentin_avatar-96x96.jpg","caption":"Quentin"},"sameAs":["https:\/\/ecole601.com"],"url":"https:\/\/ecole601.com\/pt-br\/author\/oberquentin\/"}]}},"_links":{"self":[{"href":"https:\/\/ecole601.com\/pt-br\/wp-json\/wp\/v2\/posts\/4910","targetHints":{"allow":["GET"]}}],"collection":[{"href":"https:\/\/ecole601.com\/pt-br\/wp-json\/wp\/v2\/posts"}],"about":[{"href":"https:\/\/ecole601.com\/pt-br\/wp-json\/wp\/v2\/types\/post"}],"author":[{"embeddable":true,"href":"https:\/\/ecole601.com\/pt-br\/wp-json\/wp\/v2\/users\/1"}],"replies":[{"embeddable":true,"href":"https:\/\/ecole601.com\/pt-br\/wp-json\/wp\/v2\/comments?post=4910"}],"version-history":[{"count":6,"href":"https:\/\/ecole601.com\/pt-br\/wp-json\/wp\/v2\/posts\/4910\/revisions"}],"predecessor-version":[{"id":30842,"href":"https:\/\/ecole601.com\/pt-br\/wp-json\/wp\/v2\/posts\/4910\/revisions\/30842"}],"wp:featuredmedia":[{"embeddable":true,"href":"https:\/\/ecole601.com\/pt-br\/wp-json\/wp\/v2\/media\/4911"}],"wp:attachment":[{"href":"https:\/\/ecole601.com\/pt-br\/wp-json\/wp\/v2\/media?parent=4910"}],"wp:term":[{"taxonomy":"category","embeddable":true,"href":"https:\/\/ecole601.com\/pt-br\/wp-json\/wp\/v2\/categories?post=4910"},{"taxonomy":"post_tag","embeddable":true,"href":"https:\/\/ecole601.com\/pt-br\/wp-json\/wp\/v2\/tags?post=4910"}],"curies":[{"name":"wp","href":"https:\/\/api.w.org\/{rel}","templated":true}]}}